{"id":996,"date":"2009-12-21T09:38:06","date_gmt":"2009-12-21T07:38:06","guid":{"rendered":"http:\/\/bg45.de\/?p=996"},"modified":"2013-09-13T14:54:27","modified_gmt":"2013-09-13T12:54:27","slug":"dpwv-haelt-hartz4-fuer-gescheitert","status":"publish","type":"post","link":"http:\/\/www.bg45.de\/index.php\/996\/dpwv-haelt-hartz4-fuer-gescheitert\/","title":{"rendered":"DPWV h\u00e4lt Hartz4 f\u00fcr gescheitert"},"content":{"rendered":"<h3>Der Deutsche Parit\u00e4tische Wohlfahrtsverband (DPWV) h\u00e4lt die Zusammenlegung von Arbeitslosen- und Sozialhilfe f\u00fcr gescheitert<\/h3>\n<p>&#8222;F\u00fcnf Jahre nach der Hartz4-Reform sei es nicht gelungen, die Zahl der Betroffenen merklich abzubauen&#8220;, sagte DPWV-Hauptgesch\u00e4ftsf\u00fchrer Ulrich Schneider der\u00a0<em>Th\u00fcringer Allgemeinen<\/em>. Der Verband forderte eine \u00dcberpr\u00fcfung der Arbeitsmarktpolitik.<\/p>\n<p><!--more--><\/p>\n<p>Die Zahl der erwerbsf\u00e4higen Hartz4-Bezieher sei im Vergleich zu 2005 konstant geblieben, sagte Schneider dem Blatt. &#8222;Es ist auch nicht gelungen, Langzeitarbeitslose h\u00e4ufiger in Arbeit zu vermitteln.&#8220; Nach einer Analyse des DPWV lag die Zahl der erwerbsf\u00e4higen Hilfebed\u00fcrftigen im April 2009 mit 4,93 Millionen beinahe auf dem Niveau der Anfangsmonate von Hartz4. Im September 2005 waren es seinerzeit 5,15 Millionen.<\/p>\n<p>\u00dcber die Jahre konstant blieb den Angaben zufolge auch die Zahl der Kinder im Hartz4-Bezug: Im September 2005 waren 1,78 Millionen Kinder unter 14 Jahren von der Hilfe abh\u00e4ngig, im April 2009 und danach waren es mit 1,74 Millionen nur 36.000 weniger.<\/p>\n<p>Fast die H\u00e4lfte der Hartz4-Bezieher erhalte die Leistung drei Jahre und l\u00e4nger, sagte Schneider dem Blatt. &#8222;Wer in Hartz4 ist, der ist in der Perspektivlosigkeit. Das ist das Fazit, das man ziehen muss.&#8220; Die Vermittlungsbem\u00fchungen der Jobbeh\u00f6rden seien nach wie vor unabgestimmt und &#8222;chaotisch&#8220;. Schneider forderte eine tiefgreifende Reform der Gesetze.<\/p>\n<p>Der Sozialverband Deutschland (SoVD) forderte die Bundesregierung auf, die Regels\u00e4tze der Grundsicherung bei Arbeitslosigkeit und im Alter zu \u00fcberpr\u00fcfen. Besonders die Leistungen f\u00fcr Kinder m\u00fcssten sich nach deren spezifischem Bedarf richten und ihnen gleiche gesellschaftliche Teilhabechancen garantieren, hie\u00df es in einer in Hannover verabschiedeten Erkl\u00e4rung zur Sozialpolitik. Besonders in der Wirtschaftskrise gef\u00e4hrde die wachsende Kluft zwischen Arm und Reich den sozialen Zusammenhalt und &#8222;langfristig auch die politische Stabilit\u00e4t unseres Landes&#8220;.<\/p>\n","protected":false},"excerpt":{"rendered":"<p>Der Deutsche Parit\u00e4tische Wohlfahrtsverband (DPWV) h\u00e4lt die Zusammenlegung von Arbeitslosen- und Sozialhilfe f\u00fcr gescheitert &#8222;F\u00fcnf Jahre nach der Hartz4-Reform sei es nicht gelungen, die Zahl der Betroffenen merklich abzubauen&#8220;, sagte DPWV-Hauptgesch\u00e4ftsf\u00fchrer Ulrich Schneider der\u00a0Th\u00fcringer Allgemeinen. Der Verband forderte eine \u00dcberpr\u00fcfung der Arbeitsmarktpolitik.<\/p>\n","protected":false},"author":11,"featured_media":0,"comment_status":"open","ping_status":"open","sticky":false,"template":"","format":"standard","meta":{"footnotes":""},"categories":[2],"tags":[20],"class_list":["post-996","post","type-post","status-publish","format-standard","hentry","category-artikel","tag-hartz-iv"],"_links":{"self":[{"href":"http:\/\/www.bg45.de\/index.php\/wp-json\/wp\/v2\/posts\/996","targetHints":{"allow":["GET"]}}],"collection":[{"href":"http:\/\/www.bg45.de\/index.php\/wp-json\/wp\/v2\/posts"}],"about":[{"href":"http:\/\/www.bg45.de\/index.php\/wp-json\/wp\/v2\/types\/post"}],"author":[{"embeddable":true,"href":"http:\/\/www.bg45.de\/index.php\/wp-json\/wp\/v2\/users\/11"}],"replies":[{"embeddable":true,"href":"http:\/\/www.bg45.de\/index.php\/wp-json\/wp\/v2\/comments?post=996"}],"version-history":[{"count":4,"href":"http:\/\/www.bg45.de\/index.php\/wp-json\/wp\/v2\/posts\/996\/revisions"}],"predecessor-version":[{"id":5496,"href":"http:\/\/www.bg45.de\/index.php\/wp-json\/wp\/v2\/posts\/996\/revisions\/5496"}],"wp:attachment":[{"href":"http:\/\/www.bg45.de\/index.php\/wp-json\/wp\/v2\/media?parent=996"}],"wp:term":[{"taxonomy":"category","embeddable":true,"href":"http:\/\/www.bg45.de\/index.php\/wp-json\/wp\/v2\/categories?post=996"},{"taxonomy":"post_tag","embeddable":true,"href":"http:\/\/www.bg45.de\/index.php\/wp-json\/wp\/v2\/tags?post=996"}],"curies":[{"name":"wp","href":"https:\/\/api.w.org\/{rel}","templated":true}]}}