{"id":986,"date":"2009-12-20T10:00:15","date_gmt":"2009-12-20T08:00:15","guid":{"rendered":"http:\/\/bg45.de\/?p=986"},"modified":"2013-09-13T10:37:20","modified_gmt":"2013-09-13T08:37:20","slug":"ombudsstelle-im-jobcenter-essen","status":"publish","type":"post","link":"http:\/\/www.bg45.de\/index.php\/986\/ombudsstelle-im-jobcenter-essen\/","title":{"rendered":"Ombudsstelle im JobCenter Essen"},"content":{"rendered":"<h3>Die lange geforderte Ombudsstelle f\u00fcr ALG II Bezieher soll nun Wirklichkeit werden<\/h3>\n<p>Wie in dem\u00a0<a href=\"http:\/\/www.bg45.de\/wp-content\/uploads\/2013\/04\/Konzept-Ombudsstelle.pdf\" target=\"_blank\">Konzept-Ombudsstelle<\/a> zu lesen, soll vom Februar bis Oktober 2010 eine Probephase laufen. Wir d\u00fcrfen gespannt sein!<\/p>\n<p>Welchem Zweck wird die Ombudsstelle dienen, au\u00dfer dem JobCenter selbst? Wie wird die <em>ehrenamtlich<\/em> arbeitende Person geknebelt und an H\u00e4nden und F\u00fc\u00dfen gefesselt ihren Aufgaben gerecht werden k\u00f6nnen? Wie k\u00f6nnten zeitnah L\u00f6sungen zu Problemen mit dem JobCenter gefunden werden, wenn die Ombudsstelle dem Kundenreaktionsmanagement nachgeordnet wird?<!--more--><\/p>\n<p>Wir wissen aus Erfahrung, dass das Kundenreaktionsmanagement zwar immer reagiert, nach 3-4 Wochen kommt das Schreiben:<\/p>\n<p>&#8222;<em>Ihre Beschwerde ist bei uns eingegangen, bitte sehen Sie von weiteren Nachfragen ab.<\/em>&#8220;<\/p>\n<p>Die endg\u00fcltige Stellungnahme ist dann auch knapp vor Halbjahresfrist bei dem Beschwerdef\u00fchrer eingetroffen. Sollte der angezeigte Konflikt damit aber noch nicht aus der Welt sein, k\u00f6nnen wir dann zur Ombudsstelle. Welche selbst \u00fcber keinerlei Entscheidungskompetenz verf\u00fcgt.<\/p>\n<p>Die BG45 hat verschiedene Personen nach ihrer Einsch\u00e4tzung gefragt und um eine Stellungnahme gebeten. Hier die Meinungen:<\/p>\n<p><strong>Werner Schulten<\/strong> (Sprecher BAG Hartz IV), nahm wie folgt Stellung:<\/p>\n<blockquote><p>Das ganze sieht nach einem reinen Feigenblatt aus:<em><br \/>\n<\/em>Sie gibt keine Erl\u00e4uterungen zu Bescheiden. Somit erh\u00e4lt sie keinen Zugang zum Aktenvorgang. Die Entscheidung zur Besetzung der Ombudsstelle trifft der Gesch\u00e4ftsf\u00fchrer des JobCenters im Einvernehmen mit den Vorsitzenden des Beirates.<\/p><\/blockquote>\n<p><em>Und Maulkorb:<\/em><\/p>\n<blockquote><p>Die Ombudsstelle betreibt keine eigenst\u00e4ndige Presse- und \u00d6ffentlichkeitsarbeit. Anfragen der Medien zur Ombudsstelle sind immer an die Pressestelle des JobCenters weiterzuleiten. Meines Erachtens v\u00f6llig ungeeignet , Wirkung zu entfalten.<\/p><\/blockquote>\n<p><strong>Rechtsanwalt Jan H\u00e4u\u00dfler<\/strong> meint dazu:<\/p>\n<blockquote><p>F\u00fcr die Betroffenen w\u00e4re diese Stelle weniger als der Tropfen auf den hei\u00dfen Stein. Denn eine (ehrenamtlich t\u00e4tige) Person alleine wird es nicht schaffen, sich auch nur in mehr als eine handvoll Einzelf\u00e4lle jede Woche einzuarbeiten. Der einzige Nutzen dieser Stelle k\u00f6nnte darin bestehen, an die Gesch\u00e4ftf\u00fchrung und den Beirat heranzutragen, welche grunds\u00e4tzlichen und immer wiederkehrenden Probleme bei der Beh\u00f6rde vorhanden sind. Es w\u00fcrde zumindest den guten Willen der Beh\u00f6rdenleitung dokumentieren, etwas zu verbessern. Aber guter Wille reicht da bei weitem nicht aus, wo es in der Masse an Personal und Qualifikation mangelt.<\/p><\/blockquote>\n<p><strong>Dana Savic<\/strong> (F\u00f6rdermitglied BG45) merkt dazu an:<\/p>\n<blockquote><p>Das JobCenter Essen hat offensichtlich gro\u00dfe Angst vor seiner eigenen &#8222;Courage&#8220; &#8211; Unabh\u00e4ngigkeit und Transparenz sehen anders aus. Das Konzept verr\u00e4t schon sprachlich die Haltung mit der es erstellt worden ist. Schon bei &#8222;Punkt1. Aufgabenfeld&#8220;, wird auf Personen verwiesen, deren Belange wegen &#8222;vermeintlich fehlenden Zugangs oder eines fehlenden Sprachrohres wenig beachtet werden.&#8220; Vermeintlich&#8220; halt. Die JobCenter Kunden leiden ja chronisch unter Einbildung. Weswegen der zuk\u00fcnftige Ombudsmann, bzw.-frau ihnen auch m\u00f6glichst &#8222;unvoreingenommen&#8220; und dennoch &#8222;respektvoll&#8220; begegnen sollte &#8211; siehe &#8222;Punkt 4. Pers\u00f6nliche Anforderungen&#8220;. Sch\u00f6n auch, dass der Kunde zun\u00e4chst das Freizeichen des &#8222;Kundenreaktionsmanagements&#8220; abwarten muss, bevor er einen Termin beim Ombudsmann bekommen kann. Wor\u00fcber soll dann der Ombudsmann Berichte erstellen? \u00dcber die Reaktionszeit des &#8222;Kundenreaktionsmanagements&#8220;? Und die Presse erf\u00e4hrt nur das, was sie erfahren soll. So geht&#8217;s nicht &#8211; das JobCenter kann sich diese Probezeit schenken.<\/p><\/blockquote>\n<p><strong>UPDATE 12. Jan. 2010<\/strong><\/p>\n<p>Siehe auch <a title=\"Ombudsstelle der ARGE Essen \u2013 Die Diskussion geht weiter\" href=\"http:\/\/www.bg45.de\/index.php\/1007\/ombudsstelle-der-arge-essen-die-diskussion-geht-weiter\/\" target=\"_blank\">Ombudsstelle der ARGE Essen \u2013 Die Diskussion geht weiter<\/a><\/p>\n","protected":false},"excerpt":{"rendered":"<p>Die lange geforderte Ombudsstelle f\u00fcr ALG II Bezieher soll nun Wirklichkeit werden Wie in dem\u00a0Konzept-Ombudsstelle zu lesen, soll vom Februar bis Oktober 2010 eine Probephase laufen. Wir d\u00fcrfen gespannt sein! Welchem Zweck wird die Ombudsstelle dienen, au\u00dfer dem JobCenter selbst? Wie wird die ehrenamtlich arbeitende Person geknebelt und an H\u00e4nden&#8230; <a class=\"continue-reading-link\" href=\"http:\/\/www.bg45.de\/index.php\/986\/ombudsstelle-im-jobcenter-essen\/\"> Weiterlesen <span class=\"meta-nav\">&rarr; <\/span><\/a><\/p>\n","protected":false},"author":11,"featured_media":0,"comment_status":"open","ping_status":"open","sticky":false,"template":"","format":"standard","meta":{"footnotes":""},"categories":[6],"tags":[164,19],"class_list":["post-986","post","type-post","status-publish","format-standard","hentry","category-essen","tag-arge","tag-bg45"],"_links":{"self":[{"href":"http:\/\/www.bg45.de\/index.php\/wp-json\/wp\/v2\/posts\/986","targetHints":{"allow":["GET"]}}],"collection":[{"href":"http:\/\/www.bg45.de\/index.php\/wp-json\/wp\/v2\/posts"}],"about":[{"href":"http:\/\/www.bg45.de\/index.php\/wp-json\/wp\/v2\/types\/post"}],"author":[{"embeddable":true,"href":"http:\/\/www.bg45.de\/index.php\/wp-json\/wp\/v2\/users\/11"}],"replies":[{"embeddable":true,"href":"http:\/\/www.bg45.de\/index.php\/wp-json\/wp\/v2\/comments?post=986"}],"version-history":[{"count":6,"href":"http:\/\/www.bg45.de\/index.php\/wp-json\/wp\/v2\/posts\/986\/revisions"}],"predecessor-version":[{"id":5443,"href":"http:\/\/www.bg45.de\/index.php\/wp-json\/wp\/v2\/posts\/986\/revisions\/5443"}],"wp:attachment":[{"href":"http:\/\/www.bg45.de\/index.php\/wp-json\/wp\/v2\/media?parent=986"}],"wp:term":[{"taxonomy":"category","embeddable":true,"href":"http:\/\/www.bg45.de\/index.php\/wp-json\/wp\/v2\/categories?post=986"},{"taxonomy":"post_tag","embeddable":true,"href":"http:\/\/www.bg45.de\/index.php\/wp-json\/wp\/v2\/tags?post=986"}],"curies":[{"name":"wp","href":"https:\/\/api.w.org\/{rel}","templated":true}]}}