{"id":9859,"date":"2015-03-23T05:17:59","date_gmt":"2015-03-23T04:17:59","guid":{"rendered":"http:\/\/www.bg45.de\/?p=9859"},"modified":"2015-03-23T05:17:59","modified_gmt":"2015-03-23T04:17:59","slug":"gelsenkirchen-das-spielchen-mit-der-kdu","status":"publish","type":"post","link":"http:\/\/www.bg45.de\/index.php\/9859\/gelsenkirchen-das-spielchen-mit-der-kdu\/","title":{"rendered":"Gelsenkirchen &#8211; Das Spielchen mit der KdU"},"content":{"rendered":"<h3><a href=\"http:\/\/www.bg45.de\/wp-content\/uploads\/2015\/03\/Gelsenkirchen.jpg\"><img loading=\"lazy\" decoding=\"async\" class=\"alignleft size-medium wp-image-9860\" src=\"http:\/\/www.bg45.de\/wp-content\/uploads\/2015\/03\/Gelsenkirchen-300x199.jpg\" alt=\"Gelsenkirchen\" width=\"300\" height=\"199\" srcset=\"http:\/\/www.bg45.de\/wp-content\/uploads\/2015\/03\/Gelsenkirchen-300x199.jpg 300w, http:\/\/www.bg45.de\/wp-content\/uploads\/2015\/03\/Gelsenkirchen-1024x681.jpg 1024w, http:\/\/www.bg45.de\/wp-content\/uploads\/2015\/03\/Gelsenkirchen-226x150.jpg 226w, http:\/\/www.bg45.de\/wp-content\/uploads\/2015\/03\/Gelsenkirchen-150x100.jpg 150w, http:\/\/www.bg45.de\/wp-content\/uploads\/2015\/03\/Gelsenkirchen.jpg 1280w\" sizes=\"auto, (max-width: 300px) 100vw, 300px\" \/><\/a>Gelsenkirchen und das Spielchen der Stadt<\/h3>\n<p>Gelsenkirchen treibt mit den Leistungsberechtigten ein wirklich \u00fcbles Spielchen. Nachdem man seitens der Stadtverwaltung die Firma &#8222;empirica&nbsp;AG&#8220; mit der Erstellung eines schl\u00fcssigen Konzepts beauftragt hatte, wird dieses nun angewendet. Wie zu erwarten war, ergeben sich dadurch K\u00fcrzungen bei den anerkannten Kosten der Unterkunft. Um am falschen Ende Geld zu sparen, legt es die Stadt Gelsenkirchen offenbar bewusst darauf an, sich auf einen jahrelangen Gang durch die Instanzen der Sozialgerichtsbarkeit einzulassen.<\/p>\n<p><!--more--><\/p>\n<h4>Gelsenkirchen und empirica<\/h4>\n<p>Die Firma &#8222;empirica&nbsp;AG&#8220; hat zwar schon f\u00fcr zahlreiche Kommunen bundesweit schl\u00fcssige Konzepte erstellt, die jedoch unserer Auffassung nach nicht einmal ansatzweise die gesamte Rechtssprechung des BSG zu der Erstellungen von schl\u00fcssigen Konzepten erf\u00fcllen. Hinzu kommt, dass es sich bei der Firma &#8222;empirica&nbsp;AG&#8220; um ein typisches Beispiel der Verflechtung zwischen Politik und Wirtschaft in unserem Land handelt. Denn deren Gr\u00fcnder und heutiger Aufsichtsratsvorsitzender; ein Herr namens Ulrich Pfeiffer; war von 1968 bis 1982 in diversen Bundesministerien t\u00e4tig, zuletzt im Bundesbauministerium in der Abteilung Wohnungswesen. Und f\u00fchrt bis heute den &#8222;offiziellen&#8220; Titel Ministerialdirektor&nbsp;a.D. (au\u00dfer&nbsp;Dienst). Kein Wunder also, dass bisher rund 300\u00a0Kommunen mit den Daten, bzw. &#8222;Richtwerten&#8220; der Firma &#8222;empirica&nbsp;AG&#8220; arbeiten. <strong>Schlie\u00dflich kennt man sich ja!<\/strong><\/p>\n<p>Zudem taucht die Firma &#8222;empirica&nbsp;AG&#8220; immer wieder in Zusammenhang mit der Bertelsmannstiftung auf. Sie wird von dieser regelm\u00e4\u00dfig mit der Erstellung unterschiedlicher Studien beauftragt. Teilweise sogar in hoch offizieller Kooperation mit der Bertelsmannstiftung selbst und ggfs. weiteren Partnern. Was davon zu halten ist, brauchen wir nicht weiter auszuf\u00fchren. Wir erinnern nur daran, dass es die Bertelsmannstiftung war, die das SGB&nbsp;II formuliert und mit auf den Weg gebracht hat.<\/p>\n<p>Und die Moral von der Geschicht: Traue &#8222;Gutachten&#8220; der Firma &#8222;empirica&nbsp;AG&#8220; nicht!<\/p>\n<h4>Gelsenkirchen und die Ver\u00e4nderungen<\/h4>\n<p>Wie die Ver\u00e4nderungen in Gelsenkirchen konkret aussehen, kann nachstehender Tabelle entnommen werden:<\/p>\n<table border=\"1\">\n<tbody>\n<tr>\n<td>Wohnungsgr\u00f6\u00dfe<\/td>\n<td>Netto-<br \/>\nKaltmiete<\/td>\n<td>mittlere (kalte)<br \/>\nBetriebskosten<\/td>\n<td>angemessene KdU<br \/>\ninsgesamt<\/td>\n<td>bisher angemessen<\/td>\n<\/tr>\n<tr>\n<td>\u00a01-Personen-Haushalt                    (bis 50 m\u00b2)<\/td>\n<td>230,00 \u20ac<\/td>\n<td>60,00 \u20ac<\/td>\n<td>290,00 \u20ac<\/td>\n<td>295,50 \u20ac<\/td>\n<\/tr>\n<tr>\n<td>\u00a02-Personen-Haushalt\u00a0                  (bis 65 m\u00b2)<\/td>\n<td>290,00 \u20ac<\/td>\n<td>80,00 \u20ac<\/td>\n<td>370,00 \u20ac<\/td>\n<td>382,85 \u20ac<\/td>\n<\/tr>\n<tr>\n<td>\u00a03-Personen-Haushalt                    (bis 80 m\u00b2)<\/td>\n<td>350,00 \u20ac<\/td>\n<td>100,00 \u20ac<\/td>\n<td>450,00 \u20ac<\/td>\n<td>471,20 \u20ac<\/td>\n<\/tr>\n<tr>\n<td>\u00a04-Personen-Haushalt                   (bis 95 m\u00b2)<\/td>\n<td>440,00 \u20ac<\/td>\n<td>110,00 \u20ac<\/td>\n<td>550,00 \u20ac<\/td>\n<td>540,55 \u20ac<\/td>\n<\/tr>\n<tr>\n<td>\u00a05-Personen-Haushalt                    (bis 110 m\u00b2)<\/td>\n<td>520,00 \u20ac<\/td>\n<td>120,00 \u20ac<\/td>\n<td>640,00 \u20ac<\/td>\n<td>625,90 \u20ac<\/td>\n<\/tr>\n<tr>\n<td>jede weitere Person   zuz\u00fcglich 15 m\u00b2<\/td>\n<td><\/td>\n<td><\/td>\n<td> 80,00 \u20ac<\/td>\n<td> 85,35 \u20ac<\/td>\n<\/tr>\n<\/tbody>\n<\/table>\n<h4>Gelsenkirchen und die Kritik an den Ver\u00e4nderungen der KdU<\/h4>\n<p>Hierzu verweisen wir auf eine\u00a0<a href=\"http:\/\/www.bg45.de\/wp-content\/uploads\/2015\/03\/Pressemitteilung1.pdf\">Pressemitteilung<\/a> der Initiative <a title=\"Startseite\" href=\"https:\/\/kdugelsenkirchen.wordpress.com \" target=\"_blank\">kdugelsenkrichen.wordpress.com<\/a>, die wir nachfolgend anf\u00fchren:<\/p>\n<blockquote><p>Pressemitteilung Nr. 02\/2015<br \/>\nStadt senkt Mietgrenzen ohne realen Hintergrund. Bis zu elf Prozent Mietsteigerung in Gelsenkirchen<\/p>\n<p>\u201eBesonders hart getroffen hat es Mieter in Gelsenkirchen und Unna. Dort sind die Mietpreise in den vergangenen zw\u00f6lf Monaten im Schnitt um neun bis elf Prozent gestiegen &#8211; und damit so deutlich wie in keiner anderen Stadt. &#8222;Dies liegt daran, dass die Zahl der Einwohner in Gelsenkirchen gestiegen ist und somit auch die Nachfrage nach Wohnraum&#8220;, sagt der stellvertretende Vorsitzende des Immobilienverbandes West1, Axel Quester.\u201c So berichtet der WDR2 \u00fcber die Lage am Wohnungsmarkt vor Ort.<\/p>\n<p>Entgegengesetzt zu dieser Tatsache verl\u00e4uft die Senkung der Angemessenheitsgrenzen f\u00fcr Wohnungen von Jobcenter- und Sozialamtskunden ab dem 01.02.2015. Damit ist klar: Die aktuell gesenkten Mietgrenzen f\u00fcr Grundsicherungsempf\u00e4nger in Gelsenkirchen haben mit dem Mietenmarkt in 2015 nichts zu tun. Sie stehen eventuell in Zusammenhang mit einem fiktiven Markt aus genannter Zeit vor einem Jahr.<\/p>\n<p>Zu dieser Tatsache l\u00e4sst sich erw\u00e4hnen, dass die Senkungen der Angemessenheitsgrenzen der Stadt Gelsenkirchen zum 01.02.2015 auf beschr\u00e4nktem Zahlenmaterial aus Angebotsmieten \u2013 ohne kalte Betriebskosten &#8211; aus dem Jahr 2013\/2014 basieren. Sie stammen somit aus einer Zeit als m\u00f6glicherweise die Angebotsmieten noch g\u00fcnstiger waren, als die dann ver\u00e4nderten Angebotsmieten durch den Marktdruck wegen des Zuzugs. Aber auch g\u00fcnstiger waren als Bestandsmieten. (Bestandswohnungen sind Wohnungen in den bereits Menschen wohnen.)<\/p>\n<p>Die Bestandsmieten folgen diesem Marktgesetz des Mietermarktes nicht. Ein triftiger Grund f\u00fcr das von der Stadt mit (Spar-)Zielen beauftragte Unternehmen empirica, die Bestandsmieten nicht in die Pr\u00fcfung einzubeziehen. So erkennt man leicht, dass die aktuelle Senkung der Angemessenheitsgrenzen durch die Stadt Gelsenkirchen keinen realen Hintergrund im Mietenmarkt insgesamt hat. Zudem wurde die Verf\u00fcgbarkeit der Wohnungen f\u00fcr alle von Kostensenkungsaufforderungen betroffenen Kunden des Jobcenters und des Sozialamts (inkl. Kunden im Geltungsbereich des Asylbewerberleistungsgesetzes) von empirica offenbar nicht gepr\u00fcft.<\/p>\n<p>Mithin ist zweifelhaft, ob es zu den fiktiven g\u00fcnstigen Bedingungen \u00fcberhaupt so viele Wohnungen gab wie Menschen. Ob, wenn sie denn h\u00e4tten umziehen wollen um ihre Wohnungskosten zu senken, sie auch eine Wohnung gefunden h\u00e4tten. Oder ob dies nicht den Marktdruck in \u00e4hnlicher Weise erh\u00f6ht h\u00e4tte, dass selbst die fiktiven g\u00fcnstigen Angebotsmieten sofort gestiegen w\u00e4ren.<\/p>\n<p>Gelsenkirchen, 13.03.2015 Joachim Sombetzki<br \/>\nKdU-Portal f\u00fcr Gelsenkirchen<\/p><\/blockquote>\n<p>Weiterf\u00fchrende Informationen zu der KdU-Problematik in Gelsenkirchen finden Interessierte unter der weiter oben angef\u00fchrten Verlinkung zu kdugelsenkirchen.<\/p>\n<h4>Gelsenkirchen und die KdU<\/h4>\n<p>Leider ist das Verhalten der Stadt Gelsenkirchen nur ein weiteres Beispiel f\u00fcr das illegale Vorgehen vieler Kommunen bei der Reduzierung der Angemessenheitsgrenzen. Wir k\u00f6nnen f\u00fcr alle Betroffenen nur hoffen, dass das Sozialgericht Gelsenkirchen diese Praxis m\u00f6glichst bald stoppt.<\/p>\n<blockquote><p><span style=\"color: #800000;\">Redlichkeit gedeiht in jedem Stande.<\/span><\/p>\n<p>Johann Christoph Friedrich von Schiller<\/p><\/blockquote>\n","protected":false},"excerpt":{"rendered":"<p>Gelsenkirchen und das Spielchen der Stadt Gelsenkirchen treibt mit den Leistungsberechtigten ein wirklich \u00fcbles Spielchen. Nachdem man seitens der Stadtverwaltung die Firma &#8222;empirica&nbsp;AG&#8220; mit der Erstellung eines schl\u00fcssigen Konzepts beauftragt hatte, wird dieses nun angewendet. Wie zu erwarten war, ergeben sich dadurch K\u00fcrzungen bei den anerkannten Kosten der Unterkunft. Um&#8230; <a class=\"continue-reading-link\" href=\"http:\/\/www.bg45.de\/index.php\/9859\/gelsenkirchen-das-spielchen-mit-der-kdu\/\"> Weiterlesen <span class=\"meta-nav\">&rarr; <\/span><\/a><\/p>\n","protected":false},"author":11,"featured_media":0,"comment_status":"open","ping_status":"open","sticky":false,"template":"","format":"standard","meta":{"footnotes":""},"categories":[4],"tags":[161,212,62,165,118,54,25,98,100,170,162,85,83,160],"class_list":["post-9859","post","type-post","status-publish","format-standard","hentry","category-wohnen","tag-armut","tag-ausbeutung","tag-bedarfsgemeinschaft","tag-bundessozialgericht","tag-diskriminierung","tag-erwerbslose","tag-jobcenter","tag-klage","tag-landessozialgericht","tag-leistungsberechtigte","tag-miete","tag-sgb-ii","tag-soziales","tag-sozialgericht"],"_links":{"self":[{"href":"http:\/\/www.bg45.de\/index.php\/wp-json\/wp\/v2\/posts\/9859","targetHints":{"allow":["GET"]}}],"collection":[{"href":"http:\/\/www.bg45.de\/index.php\/wp-json\/wp\/v2\/posts"}],"about":[{"href":"http:\/\/www.bg45.de\/index.php\/wp-json\/wp\/v2\/types\/post"}],"author":[{"embeddable":true,"href":"http:\/\/www.bg45.de\/index.php\/wp-json\/wp\/v2\/users\/11"}],"replies":[{"embeddable":true,"href":"http:\/\/www.bg45.de\/index.php\/wp-json\/wp\/v2\/comments?post=9859"}],"version-history":[{"count":7,"href":"http:\/\/www.bg45.de\/index.php\/wp-json\/wp\/v2\/posts\/9859\/revisions"}],"predecessor-version":[{"id":9868,"href":"http:\/\/www.bg45.de\/index.php\/wp-json\/wp\/v2\/posts\/9859\/revisions\/9868"}],"wp:attachment":[{"href":"http:\/\/www.bg45.de\/index.php\/wp-json\/wp\/v2\/media?parent=9859"}],"wp:term":[{"taxonomy":"category","embeddable":true,"href":"http:\/\/www.bg45.de\/index.php\/wp-json\/wp\/v2\/categories?post=9859"},{"taxonomy":"post_tag","embeddable":true,"href":"http:\/\/www.bg45.de\/index.php\/wp-json\/wp\/v2\/tags?post=9859"}],"curies":[{"name":"wp","href":"https:\/\/api.w.org\/{rel}","templated":true}]}}