{"id":9676,"date":"2015-03-13T16:52:41","date_gmt":"2015-03-13T15:52:41","guid":{"rendered":"http:\/\/www.bg45.de\/?p=9676"},"modified":"2025-06-25T11:18:50","modified_gmt":"2025-06-25T09:18:50","slug":"pflege-zuhause-durch-sgb-ii-leistungsberechtigte-iab-studie","status":"publish","type":"post","link":"http:\/\/www.bg45.de\/index.php\/9676\/pflege-zuhause-durch-sgb-ii-leistungsberechtigte-iab-studie\/","title":{"rendered":"Pflege Zuhause durch SGB II-Leistungsberechtigte &#8211; IAB-Studie"},"content":{"rendered":"\n<h3 class=\"wp-block-heading\"><figure><a href=\"http:\/\/www.bg45.de\/wp-content\/uploads\/2015\/03\/Pflege.jpg\"><img loading=\"lazy\" decoding=\"async\" class=\"alignleft size-medium wp-image-9677\" src=\"http:\/\/www.bg45.de\/wp-content\/uploads\/2015\/03\/Pflege-300x137.jpg\" alt=\"Pflege\" width=\"300\" height=\"137\" srcset=\"http:\/\/www.bg45.de\/wp-content\/uploads\/2015\/03\/Pflege-300x137.jpg 300w, http:\/\/www.bg45.de\/wp-content\/uploads\/2015\/03\/Pflege-1024x467.jpg 1024w, http:\/\/www.bg45.de\/wp-content\/uploads\/2015\/03\/Pflege-250x114.jpg 250w, http:\/\/www.bg45.de\/wp-content\/uploads\/2015\/03\/Pflege-150x68.jpg 150w, http:\/\/www.bg45.de\/wp-content\/uploads\/2015\/03\/Pflege.jpg 1280w\" sizes=\"auto, (max-width: 300px) 100vw, 300px\" \/><\/a><\/figure>Pflege Zuhause durch Leistungsberechtigte &#8211; Studie des IAB<\/h3>\n\n\n\n<p>Das Institut f\u00fcr Arbeitsmarkt- und Berufsforschung (<a title=\"Startseite iab.de\" href=\"http:\/\/www.iab.de\/\" target=\"_blank\" rel=\"noopener\">IAB<\/a>) hat gestern eine neue Studie zum Thema Pflege Zuhause durch SGB&nbsp;II-Leistungsberechtigte (Hartz&nbsp;IV-Bezieher) vorgestellt. Der Anteil der Leistungsberechtigten, die die Pflege von Angeh\u00f6rigen selber organisieren, ist deutlich h\u00f6her, als im Vergleich zu Personen, die nicht im Leistungsbezug stehen. Die wichtigsten Ergebnisse hat das IAB in einer Pressemitteilung zusammengefasst. Weiter unten haben wir diese im Volltext angef\u00fchrt.<\/p>\n\n\n\n<!--more-->\n\n\n\n<h4 class=\"wp-block-heading\">Pflege Zuhause &#8211; Die Kurzzusammenfassung<\/h4>\n\n\n\n<p>Hier nun, wie angek\u00fcndigt, die Pressemitteilung des IAB:<\/p>\n\n\n\n<blockquote class=\"wp-block-quote is-layout-flow wp-block-quote-is-layout-flow\">\n<p>Presseinformation des Instituts f\u00fcr Arbeitsmarkt- und Berufsforschung vom 12.3.2015<\/p>\n\n\n\n<p>Rund 280.000 Hartz-IV-Empf\u00e4nger pflegen nach eigenen Angaben Angeh\u00f6rige. Das sind gut sieben Prozent der Personen im erwerbsf\u00e4higen Alter, die in einem Haushalt leben, der Hartz-IV-Leistungen bezieht. Bei Personen, die keine Hartz-IV-Leistungen beziehen, liegt dieser Anteil bei f\u00fcnf Prozent. Dies geht aus einer Studie des Instituts f\u00fcr Arbeitsmarkt- und Berufsforschung (IAB) vom Donnerstag hervor.<\/p>\n\n\n\n<p>33 Prozent der pflegenden Hartz-IV-Empf\u00e4nger k\u00fcmmern sich mindestens 20 Stunden in der Woche um ihre Angeh\u00f6rigen. Bei Pflegenden, die keine Leistungen beziehen, sind es 18 Prozent. 22 Prozent der pflegenden Hartz-IV-Empf\u00e4nger sind zehn bis 19 Stunden in der Pflege t\u00e4tig und 40 Prozent neun Stunden oder weniger.<\/p>\n\n\n\n<p>Dabei \u00fcbernehmen 91 Prozent der pflegenden Hartz-IV-Empf\u00e4nger Besorgungen und Erledigungen au\u00dfer Haus und 76 Prozent Aufgaben der Haushaltsf\u00fchrung und der Versorgung mit Mahlzeiten und Getr\u00e4nken. 59 Prozent der Befragten leisten aber auch einfache Pfleget\u00e4tigkeiten wie etwa Hilfe beim Ankleiden. 22 Prozent verrichten zudem schwierigere Pfleget\u00e4tigkeiten wie beispielsweise Hilfe beim Umbetten.<\/p>\n\n\n\n<p>Grunds\u00e4tzlich m\u00fcssen alle erwerbsf\u00e4higen Leistungsbezieher dem Arbeitsmarkt zur Verf\u00fcgung stehen. Unter bestimmten Voraussetzungen k\u00f6nnen sie aber davon befreit werden. Bei Nicht-Pflegenden sind dies mit knapp 33 Prozent am h\u00e4ufigsten gesundheitliche Probleme. Bei pflegenden Hartz-IV-Beziehern ist der h\u00e4ufigste Grund mit 28 Prozent die Pflege Angeh\u00f6riger, gefolgt von gesundheitlichen Einschr\u00e4nkungen mit 26 Prozent und Kinderbetreuung mit 20 Prozent. Dabei k\u00f6nnen mehrere Gr\u00fcnde gleichzeitig zutreffen. So kann es sein, dass Personen aus einem anderen Grund dem Arbeitsmarkt nicht zur Verf\u00fcgung stehen und sich erst danach f\u00fcr die Pflege eines Angeh\u00f6rigen entscheiden.<\/p>\n\n\n\n<p>Die IAB-Forscherinnen Katrin Hohmeyer und Eva Kopf schreiben in ihrer Studie: \u201eInsgesamt ist die Erwerbssituation der pflegenden und nicht-pflegenden Leistungsbezieher \u00e4hnlich. Ungef\u00e4hr ein Zehntel beider Gruppen ist erwerbst\u00e4tig. Wenn allerdings Pflegende nach einer Arbeit suchen, streben sie seltener eine Vollzeitbesch\u00e4ftigung an.\u201c Insbesondere wenn die Pflege einen hohen Stundenumfang einn\u00e4hme, d\u00fcrfte es schwierig sein, neben der Pflege einer bedarfsdeckenden Erwerbst\u00e4tigkeit nachzugehen.<\/p>\n\n\n\n<p>Pflegende Hartz-IV-Empf\u00e4nger st\u00fcnden, so Hohmeyer und Kopf, im Spannungsfeld zwischen Pfleget\u00e4tigkeit und Arbeitsmarktbeteiligung. Einerseits werde der Pflegebedarf durch den demografischen Wandel steigen. Andererseits sei aus gesellschaftlicher Perspektive eine hohe Erwerbsbeteiligung erstrebenswert.<\/p>\n\n\n\n<p>Die Studie beruht auf dem Panel \u201eArbeitsmarkt und soziale Sicherung\u201c, in der sowohl Haushalte mit Hartz-IV-Bezug als auch ohne Leistungsbezug befragt werden. Sie ist im Internet abrufbar unter <a title=\"IAB - Kurzbericht\" href=\"http:\/\/doku.iab.de\/kurzber\/2015\/kb0515.pdf\" target=\"_blank\" rel=\"noopener\">http:\/\/doku.iab.de\/kurzber\/2015\/kb0515.pdf<\/a>.<\/p>\n\n\n\n<p>Erg\u00e4nzende Daten zu Pflegenden und Nichtpflegenden ohne ALG-II-Bezug sind unter <a title=\"Erg\u00e4nzende Daten IAB\" href=\"http:\/\/doku.iab.de\/kurzber\/2015\/kb0515_Anhang.pdf\" target=\"_blank\" rel=\"noopener\">http:\/\/doku.iab.de\/kurzber\/2015\/kb0515_Anhang.pdf<\/a> zu finden.<\/p>\n<\/blockquote>\n\n\n\n<h4 class=\"wp-block-heading\">Pflege Zuhause durch Leistungsberechtigte<\/h4>\n\n\n\n<p>Was in dieser Pressemittlung zur Pflege Zuhause nicht angef\u00fchrt wird, ist die Tatsache, dass die rechtlichen Rahmenbedingungen f\u00fcr einen Antrag auf <a title=\"Erkl\u00e4rungen zu Pflegezeit - Wikipedia\" href=\"http:\/\/de.wikipedia.org\/wiki\/Pflegezeit_%28Arbeitsfreistellung%29\" target=\"_blank\" rel=\"noopener\">Pflegezeit<\/a> aus dem SGB II-Leistungsbezug (Hartz IV-Bezug) heraus sehr diffizil sind. Denn in einer anerkannten Pflegezeit werden durch die Pflegekasse Rentenversicherungsbeitr\u00e4ge abgef\u00fchrt. Das ist aber bei SGB&nbsp;II-Leistungsberechtigten nicht erw\u00fcnscht, weswegen sie seit 2011 gesetzlich von der Abf\u00fchrung von Rentenversicherungsbeitr\u00e4gen ausgeschlossen sind. Leider gibt es im Zusammenhang mit dieser Rechtsfrage noch keine Grundsatzurteile, so dass wir wegen der Komplexit\u00e4t der Materie hier in diesem Artikel auch nicht weiter darauf eingehen k\u00f6nnen.<\/p>\n\n\n\n<h4 class=\"wp-block-heading\">Pflege Zuhause &#8211; Unsere Rechtsberatungen<\/h4>\n\n\n\n<p>Sollten Leistungsberechtigte die Pflege von Angeh\u00f6rigen Zuhause selber organisieren und m\u00f6chten daher dennoch einen Antrag auf Pflegezeit stellen, so sollten sie darauf gefasst sein, dass das ein l\u00e4ngeres, juristisches Verfahren nach sich ziehen kann. Hierbei kann ihnen dann aber durch unsere Rechtsberatungen kompetent weitergeholfen werden.<\/p>\n\n\n\n<blockquote class=\"wp-block-quote is-layout-flow wp-block-quote-is-layout-flow\">\n<p><span style=\"color: #ff0000;\">Eine Familie, zu der ein Greis geh\u00f6rt, besitzt einen Schatz.<br>Chinesisches Sprichwort<\/span><\/p>\n<\/blockquote>\n","protected":false},"excerpt":{"rendered":"<p>Pflege Zuhause durch Leistungsberechtigte &#8211; Studie des IAB Das Institut f\u00fcr Arbeitsmarkt- und Berufsforschung (IAB) hat gestern eine neue Studie zum Thema Pflege Zuhause durch SGB&nbsp;II-Leistungsberechtigte (Hartz&nbsp;IV-Bezieher) vorgestellt. Der Anteil der Leistungsberechtigten, die die Pflege von Angeh\u00f6rigen selber organisieren, ist deutlich h\u00f6her, als im Vergleich zu Personen, die nicht im&#8230; <a class=\"continue-reading-link\" href=\"http:\/\/www.bg45.de\/index.php\/9676\/pflege-zuhause-durch-sgb-ii-leistungsberechtigte-iab-studie\/\"> Weiterlesen <span class=\"meta-nav\">&rarr; <\/span><\/a><\/p>\n","protected":false},"author":11,"featured_media":0,"comment_status":"open","ping_status":"open","sticky":false,"template":"","format":"standard","meta":{"footnotes":""},"categories":[8],"tags":[21,73,164,161,62,167,42,165,54,20,25,98,121,170,63,85,82,83,61],"class_list":["post-9676","post","type-post","status-publish","format-standard","hentry","category-aktuelles-artikel","tag-altersarmut","tag-anwalt","tag-arge","tag-armut","tag-bedarfsgemeinschaft","tag-beratungspflicht","tag-bundesagentur-fur-arbeit","tag-bundessozialgericht","tag-erwerbslose","tag-hartz-iv","tag-jobcenter","tag-klage","tag-krankenkassen","tag-leistungsberechtigte","tag-optionskommune","tag-sgb-ii","tag-sgb-xii","tag-soziales","tag-stadt-essen"],"_links":{"self":[{"href":"http:\/\/www.bg45.de\/index.php\/wp-json\/wp\/v2\/posts\/9676","targetHints":{"allow":["GET"]}}],"collection":[{"href":"http:\/\/www.bg45.de\/index.php\/wp-json\/wp\/v2\/posts"}],"about":[{"href":"http:\/\/www.bg45.de\/index.php\/wp-json\/wp\/v2\/types\/post"}],"author":[{"embeddable":true,"href":"http:\/\/www.bg45.de\/index.php\/wp-json\/wp\/v2\/users\/11"}],"replies":[{"embeddable":true,"href":"http:\/\/www.bg45.de\/index.php\/wp-json\/wp\/v2\/comments?post=9676"}],"version-history":[{"count":13,"href":"http:\/\/www.bg45.de\/index.php\/wp-json\/wp\/v2\/posts\/9676\/revisions"}],"predecessor-version":[{"id":11871,"href":"http:\/\/www.bg45.de\/index.php\/wp-json\/wp\/v2\/posts\/9676\/revisions\/11871"}],"wp:attachment":[{"href":"http:\/\/www.bg45.de\/index.php\/wp-json\/wp\/v2\/media?parent=9676"}],"wp:term":[{"taxonomy":"category","embeddable":true,"href":"http:\/\/www.bg45.de\/index.php\/wp-json\/wp\/v2\/categories?post=9676"},{"taxonomy":"post_tag","embeddable":true,"href":"http:\/\/www.bg45.de\/index.php\/wp-json\/wp\/v2\/tags?post=9676"}],"curies":[{"name":"wp","href":"https:\/\/api.w.org\/{rel}","templated":true}]}}