{"id":9220,"date":"2015-02-22T16:17:31","date_gmt":"2015-02-22T15:17:31","guid":{"rendered":"http:\/\/www.bg45.de\/?p=9220"},"modified":"2018-10-19T11:51:58","modified_gmt":"2018-10-19T09:51:58","slug":"selbsterkenntnis-ist-der-erste-weg-zur-besserung","status":"publish","type":"post","link":"http:\/\/www.bg45.de\/index.php\/9220\/selbsterkenntnis-ist-der-erste-weg-zur-besserung\/","title":{"rendered":"Selbsterkenntnis ist der erste Weg zur Besserung?"},"content":{"rendered":"<h3><a href=\"http:\/\/www.bg45.de\/wp-content\/uploads\/2015\/02\/Selbsterkenntnis.png\"><img loading=\"lazy\" decoding=\"async\" class=\"alignleft size-medium wp-image-9221\" src=\"http:\/\/www.bg45.de\/wp-content\/uploads\/2015\/02\/Selbsterkenntnis-223x300.png\" alt=\"Selbsterkenntnis\" width=\"223\" height=\"300\" srcset=\"http:\/\/www.bg45.de\/wp-content\/uploads\/2015\/02\/Selbsterkenntnis-223x300.png 223w, http:\/\/www.bg45.de\/wp-content\/uploads\/2015\/02\/Selbsterkenntnis-762x1024.png 762w, http:\/\/www.bg45.de\/wp-content\/uploads\/2015\/02\/Selbsterkenntnis-112x150.png 112w, http:\/\/www.bg45.de\/wp-content\/uploads\/2015\/02\/Selbsterkenntnis.png 952w\" sizes=\"auto, (max-width: 223px) 100vw, 223px\" \/><\/a>Selbsterkenntnis ist der erste Weg zur Besserung!?<\/h3>\n<p>Selbsterkenntnis bei der BA. Wer h\u00e4tte das gedacht? Nur leider kommt diese um Jahre zu sp\u00e4t! Und dann auch noch halbherzig.<\/p>\n<p>Grund f\u00fcr diese Worte ist eine Pressemeldung der Nachrichtenagentur dpa-AFX, die heute durch diverse Internetnachrichtenportale geistert. Nach dieser sah sich BA-Vorstandsmitglied Heinrich Alt bem\u00fc\u00dfigt, anl\u00e4\u00dflich der ersten Dekade mit dem SGB\u00a0II handwerkliche Fehler bei der Umsetzung der Reformen einzur\u00e4umen. Wie immer ist das aber keine Kritik an dem SGB\u00a0II selber als staatliches Folterinstrument. Die Selbsterkenntnis des Herrn Alt reicht nur so weit, als dass er seine eigene Arbeitsleistung nicht diskreditieren m\u00f6chte. Denn herrlich dabei ist der Zeitpunkt seiner Wortmeldung. Herr Alt ist seit Anfang 2015 im BA-Vorstand nicht mehr f\u00fcr Hartz\u00a0IV zust\u00e4ndig. War es aber bis 2014.<\/p>\n<p><!--more--><\/p>\n<h4>Selbsterkenntnis &#8211; Die Sichtweise des Herrn Alt<\/h4>\n<p>Wer ist schon zu einer realistischen, selbstkritischen Einsch\u00e4tzung seiner Arbeitsleistung f\u00e4hig? Jedenfalls nicht Herr Alt. Also ist f\u00fcr ihn Selbsterkenntnis scheinbar doch nicht der erste Weg zur Besserung.<\/p>\n<p>Jetzt erst aber einmal die Pressemeldung:<\/p>\n<blockquote><p>BA-Vorstand Alt: Hartz-IV-Reform war \u00fcbereilt umgesetzt worden<\/p>\n<p>22.02.2015, 14:51 Uhr | dpa-AFX<\/p>\n<p>N\u00dcRNBERG (dpa-AFX) &#8211; Gut zehn Jahre nach dem Start der Hartz-IV-Reform hat das Vorstandsmitglied der Bundesagentur f\u00fcr Arbeit (BA), Heinrich Alt, handwerkliche Fehler bei der Umsetzung der Arbeitsmarktreform einger\u00e4umt. Die Reform sei \u00fcbereilt umgesetzt worden und nicht ausreichend vorbereitet gewesen, sagte Alt der Deutschen Presse-Agentur. &#8222;Bei besserer Vorbereitung w\u00e4re die Zahl der Arbeitslosen zum Jahresanfang 2005 nie \u00fcber die F\u00fcnf-Millionen-Marke gestiegen&#8220;, ist Alt \u00fcberzeugt.<\/p>\n<p>Vor fast genau zehn Jahren &#8211; am 1. M\u00e4rz 2005 &#8211; hatte die Zahl der Arbeitslosen mit 5,216 Millionen einen neuen Nachkriegsrekord erreicht. Der politische Streit \u00fcber Ursachen und Strategien zur Senkung der damals hohen Erwerbslosigkeit hatte im Herbst 2005 zum vorzeitigen Ende der rot-gr\u00fcnen Bundesregierung gef\u00fchrt.<\/p>\n<p>Bei der z\u00fcgigen Umsetzung der Hartz-IV-Reform zum Jahresanfang 2005 seien beispielsweise die Probleme untersch\u00e4tzt worden, Mitarbeiter der Bundesagentur und der Kommunen unter dem gemeinsamen Dach der neuen Jobcenter zusammenzuf\u00fchren. Auch seien die Kollegen nicht ausreichend auf die neue Aufgabe vorbereitet worden, ist Alt \u00fcberzeugt.<\/p>\n<p>Das habe beispielsweise dazu gef\u00fchrt, dass die aus der Sozialhilfe \u00fcbernommenen Menschen fast durchweg als arbeitslos eingestuft worden, statt genauer zu pr\u00fcfen, ob sie \u00fcberhaupt arbeitsf\u00e4hig seien. Sp\u00e4ter habe es &#8211; auch wegen mangelnder Vorbereitung &#8211; zu lange gedauert, bis arbeitslose Hartz-IV-Bezieher in Aus- und Fortbildungsma\u00dfnahmen vermittelt wurden, um ihre Jobchancen zu verbessern. Selbst das neue Instrument des Ein-Euro-Jobs sei erst nach und nach eingesetzt worden. All das h\u00e4tte bei l\u00e4ngerer Vorbereitung sicher besser funktioniert, glaubt das bis 2014 f\u00fcr Hartz-IV zust\u00e4ndige BA-Vorstandsmitglied.<\/p><\/blockquote>\n<h4>Selbsterkenntnis &#8211; Kein weiterer Kommentar<\/h4>\n<p>Wir denken, zu dieser angeblichen Selbsterkenntnis bedarf es keiner weiteren Kommentierung unsererseits. Hier sind unsere Leser aufgerufen.<\/p>\n<blockquote><p><span style=\"color: #800080;\">Wir sind leicht bereit, uns selbst zu tadeln, unter der Bedingung \u2013 da\u00df niemand einstimmt.<\/span><\/p>\n<p><span style=\"color: #800080;\">Marie Freifrau von Ebner-Eschenbach (1830 &#8211; 1916), \u00f6sterreichische Erz\u00e4hlerin<\/span><\/p><\/blockquote>\n","protected":false},"excerpt":{"rendered":"<p>Selbsterkenntnis ist der erste Weg zur Besserung!? Selbsterkenntnis bei der BA. Wer h\u00e4tte das gedacht? Nur leider kommt diese um Jahre zu sp\u00e4t! Und dann auch noch halbherzig. Grund f\u00fcr diese Worte ist eine Pressemeldung der Nachrichtenagentur dpa-AFX, die heute durch diverse Internetnachrichtenportale geistert. Nach dieser sah sich BA-Vorstandsmitglied Heinrich&#8230; <a class=\"continue-reading-link\" href=\"http:\/\/www.bg45.de\/index.php\/9220\/selbsterkenntnis-ist-der-erste-weg-zur-besserung\/\"> Weiterlesen <span class=\"meta-nav\">&rarr; <\/span><\/a><\/p>\n","protected":false},"author":11,"featured_media":0,"comment_status":"open","ping_status":"open","sticky":false,"template":"","format":"standard","meta":{"footnotes":""},"categories":[10],"tags":[164,212,62,42,118,171,25,63,85,83],"class_list":["post-9220","post","type-post","status-publish","format-standard","hentry","category-medien","tag-arge","tag-ausbeutung","tag-bedarfsgemeinschaft","tag-bundesagentur-fur-arbeit","tag-diskriminierung","tag-eckregelsaetze","tag-jobcenter","tag-optionskommune","tag-sgb-ii","tag-soziales"],"_links":{"self":[{"href":"http:\/\/www.bg45.de\/index.php\/wp-json\/wp\/v2\/posts\/9220","targetHints":{"allow":["GET"]}}],"collection":[{"href":"http:\/\/www.bg45.de\/index.php\/wp-json\/wp\/v2\/posts"}],"about":[{"href":"http:\/\/www.bg45.de\/index.php\/wp-json\/wp\/v2\/types\/post"}],"author":[{"embeddable":true,"href":"http:\/\/www.bg45.de\/index.php\/wp-json\/wp\/v2\/users\/11"}],"replies":[{"embeddable":true,"href":"http:\/\/www.bg45.de\/index.php\/wp-json\/wp\/v2\/comments?post=9220"}],"version-history":[{"count":7,"href":"http:\/\/www.bg45.de\/index.php\/wp-json\/wp\/v2\/posts\/9220\/revisions"}],"predecessor-version":[{"id":11367,"href":"http:\/\/www.bg45.de\/index.php\/wp-json\/wp\/v2\/posts\/9220\/revisions\/11367"}],"wp:attachment":[{"href":"http:\/\/www.bg45.de\/index.php\/wp-json\/wp\/v2\/media?parent=9220"}],"wp:term":[{"taxonomy":"category","embeddable":true,"href":"http:\/\/www.bg45.de\/index.php\/wp-json\/wp\/v2\/categories?post=9220"},{"taxonomy":"post_tag","embeddable":true,"href":"http:\/\/www.bg45.de\/index.php\/wp-json\/wp\/v2\/tags?post=9220"}],"curies":[{"name":"wp","href":"https:\/\/api.w.org\/{rel}","templated":true}]}}