{"id":7924,"date":"2013-11-25T17:40:09","date_gmt":"2013-11-25T16:40:09","guid":{"rendered":"http:\/\/www.bg45.de\/?p=7924"},"modified":"2025-06-25T10:58:47","modified_gmt":"2025-06-25T08:58:47","slug":"stimmungsmache-gegen-leistungsberechtigte","status":"publish","type":"post","link":"http:\/\/www.bg45.de\/index.php\/7924\/stimmungsmache-gegen-leistungsberechtigte\/","title":{"rendered":"Stimmungsmache gegen Leistungsberechtigte"},"content":{"rendered":"\n<h3 class=\"wp-block-heading\"><figure><a href=\"http:\/\/www.bg45.de\/wp-content\/uploads\/2013\/11\/Stimmungsmache.png\"><img loading=\"lazy\" decoding=\"async\" class=\"alignleft size-full wp-image-7925\" src=\"http:\/\/www.bg45.de\/wp-content\/uploads\/2013\/11\/Stimmungsmache.png\" alt=\"Stimmungsmache\" width=\"115\" height=\"150\"><\/a><\/figure>Stimmungsmache gegen Leistungsberechtigte durch WAZ<\/h3>\n\n\n\n<p>Wie die WAZ heute in ihrem Online-Portal\u00a0Der\u00a0Westen berichtet, steigt die Anzahl der SGB\u00a0II-Leistungsberechtigten in Essen. Laut der eigenen Prognose der Stadt Essen bis zum Jahresende auf rund 44.000 Haushalte. Aber dar\u00fcber haben wir ja schon im Rahmen unseres <a title=\"Langzeitarbeitslosigkeit in NRW steigt!\" href=\"http:\/\/www.bg45.de\/index.php\/7712\/langzeitarbeitslosigkeit-nrw-steigt\/\">Artikels<\/a> zu der steigenden Langzeitarbeitslosigkeit in NRW berichtet. Nur leider wie so oft, nutzt die WAZ diese Meldung zu einer unterschwelligen Stimmungsmache gegen Leistungsberechtigte.<\/p>\n\n\n\n<!--more-->\n\n\n\n<h4 class=\"wp-block-heading\">Die Stimmungsmache im \u00dcberblick<\/h4>\n\n\n\n<p>Hierzu braucht man nur einen Blick auf den <abbr title=\"Einf\u00fchrungstext zum Artikel\">Teaser<\/abbr> werfen, der beim Leser Aufmerksamkeit erzeugen und ihn zum Weiterlesen animieren soll. Zitat:<\/p>\n\n\n\n<blockquote class=\"wp-block-quote is-layout-flow wp-block-quote-is-layout-flow\">\n<p>Essen.&nbsp; Die Langzeitarbeitslosigkeit in der Stadt verfestigt sich. Mittlerweile sind fast 44.000&nbsp;Haushalte auf Hartz IV angewiesen. Dabei hatte die Stadt gehofft, die Zahl deutlich senken zu k\u00f6nnen, um Kosten zu sparen. Der Unternehmensverband aber vermutet: Vielen fehlt mittlerweile die Motivation zu arbeiten.<\/p>\n<\/blockquote>\n\n\n\n<p>Wenn man nun den Teaser n\u00fcchtern analysiert, f\u00e4llt auf, dass in den drei S\u00e4tzen die wichtigsten Botschaften des gesamten Artikels zusammengefasst werden. Und aus psychologischen Gr\u00fcnden steht der wichtigste Satz fast immer am Ende eines Textes. Dass die Redaktion der WAZ hier ausgerechnet eine Aussage des Unternehmerverbandes Essen platziert, l\u00e4sst tief blicken. Zwar in der Form einer Vermutung. Aber dennoch ist das nichts anderes als eine gezielte, unterschwellige Stimmungsmache gegen SGB&nbsp;II-Leistungsberechtigte.<\/p>\n\n\n\n<p>Denn der nicht vorbelastete, an sich neutrale Leser wird so unterschwellig gegen Leistungsberechtigte aufgebracht. Hier nach dem oft verwendeten <a title=\"Wikipedia zur Erkl\u00e4rung der Bedeutung von &quot;Stereotyp&quot;\" href=\"http:\/\/de.wikipedia.org\/wiki\/Stereotyp\" target=\"_blank\" rel=\"noopener\">Stereotyp<\/a>, dass SGB&nbsp;II-Leistungsberechtigte zu faul zum Arbeiten sind. Aber das entspricht der gewohnten Berichterstattung der WAZ, die nur zu gerne mit ihr gegen SGB&nbsp;II-Leistungsberechtigte aufstachelt. Wir erinnern dazu an unseren <a title=\"Ist der Ruf erst ruiniert, lebt\u2019s sich g\u00e4nzlich ungeniert\" href=\"http:\/\/www.bg45.de\/index.php\/6695\/ist-ruf-erst-ruiniert-lebts-sich-gaenzlich-ungeniert\/\" target=\"_blank\" rel=\"noopener\">Artikel<\/a> zum Ruf der Stadt Essen.<\/p>\n\n\n\n<p>Auch der Satz &#8222;<em>Dabei hatte die Stadt gehofft, die Zahl deutlich senken zu k\u00f6nnen, um Kosten zu sparen.&#8220;<\/em> stellt nichts anderes als eine entschuldigende T\u00e4uschung der Essener \u00d6ffentlichkeit dar. Er soll schon zur Einf\u00fchrung in den Text den Leser darauf einstimmen, dass die Stadtverwaltung Essen und das JobCenter alles versucht haben, die Lage zu verbessern. Damit wird aber bewusst von der Wahrheit abgelenkt. Denn es ist ja nur zu gut bekannt, dass die steigende Zahl der SGB&nbsp;II-Leistungsberechtigten in Essen eine Folge der Umstellung des JobCenters Essen auf eine sog. Optionskommune ist. Und der dadurch entstanden chaotischen Verh\u00e4ltnisse im JobCenter Essen. Das mit seiner Eigenverwaltung mehr besch\u00e4ftigt ist, als mit der Betreuung von Leistungsberechtigten.<\/p>\n\n\n\n<h4 class=\"wp-block-heading\">Weitere Stimmungsmache gegen Leistungsberechtigte<\/h4>\n\n\n\n<p>Was dann weiter im Artikel kommt, offenbart eine weitere Stimmungsmache gegen Leistungsberechtigte. Zitat aus dem Artikel:<\/p>\n\n\n\n<blockquote class=\"wp-block-quote is-layout-flow wp-block-quote-is-layout-flow\">\n<p>70 Prozent bekommen Hartz IV schon ein Jahr und l\u00e4nger<\/p>\n\n\n\n<p>In Essen gibt es derzeit \u00fcber 61.100 erwerbsf\u00e4hige Leistungs-Berechtigte. Das Besorgniserregende: Von ihnen bekommen \u00fcber 70 Prozent schon mindestens ein Jahr lang Hartz IV, mehr als jeder Zweite sogar schon vier Jahre und l\u00e4nger.<\/p>\n\n\n\n<p>Diese Menschen wieder in den Arbeitsmarkt zu bringen, ist besonders schwer. \u201eBei der H\u00e4lfte d\u00fcrfte es ein Motivationsproblem sein. Viele zeigen nicht die notwendige Flexibilit\u00e4t\u201c, sagte Ulrich Kanders, Hauptgesch\u00e4ftsf\u00fchrer des Essener Unternehmensverbandes (EUV).<\/p>\n\n\n\n<p>Einen weiteren Grund, warum sich in Essen die Langzeitarbeitslosigkeit weiter verfestigt hat, sieht Kanders in der Struktur des Arbeitsmarktes: Essen habe viele Dienstleistungsarbeitspl\u00e4tze f\u00fcr qualifizierte bis hoch qualifizierte Fachkr\u00e4fte. Dagegen gebe es zu wenige Jobs im gewerblichen Bereich, die eher f\u00fcr Geringqualifizierte geeignet seien. Doch f\u00fcr Fortbildung und Ein-Euro-Jobs hatte das Jobcenter dieses Jahr deutlich weniger Geld vom Bund zur Verf\u00fcgung. Schon vergangenes Jahr waren es wegen der Mittelk\u00fcrzungen 1600 Pl\u00e4tze weniger gewesen, dieses Jahr sah es nicht besser aus, so Renzel.<\/p>\n<\/blockquote>\n\n\n\n<p>Diese drei zitierten Abs\u00e4tze triefen vor unterschwelliger Stimmungsmache gegen ALG&nbsp;II-Bezieher. Alles wird nach dem Motto geh\u00e4ndelt: Alle schlechten Botschaften mit Umst\u00e4nden zu entschuldigen, die man nicht zu verantworten hat. Aber das kennen wir nur zu gut von der Stadtverwaltung Essen und auch von Herrn Renzel.<\/p>\n\n\n\n<p>Ebenso ist die Aussage, dass nicht genug Leistungsberechtigte entsprechend gew\u00fcnschte Flexibilit\u00e4t mitbringen auch eine Form der entschuldigenden, ablenkenden Verunglimpfung gegen diese. Die Wahrheit sieht anders aus. Es fehlen in Essen schlichtweg die Arbeitspl\u00e4tze und das JobCenter betreut seine Kunden zu schlecht. Da hilft auch keine Flexibilit\u00e4t.<\/p>\n\n\n\n<blockquote class=\"wp-block-quote is-layout-flow wp-block-quote-is-layout-flow\">\n<p><span style=\"color: #ff6600;\"><strong>Selbsterkenntnis ist der erste Weg zur Besserung.<\/strong><\/span> Deutsche Volksweisheit<\/p>\n<\/blockquote>\n","protected":false},"excerpt":{"rendered":"<p>Stimmungsmache gegen Leistungsberechtigte durch WAZ Wie die WAZ heute in ihrem Online-Portal\u00a0Der\u00a0Westen berichtet, steigt die Anzahl der SGB\u00a0II-Leistungsberechtigten in Essen. Laut der eigenen Prognose der Stadt Essen bis zum Jahresende auf rund 44.000 Haushalte. Aber dar\u00fcber haben wir ja schon im Rahmen unseres Artikels zu der steigenden Langzeitarbeitslosigkeit in NRW&#8230; <a class=\"continue-reading-link\" href=\"http:\/\/www.bg45.de\/index.php\/7924\/stimmungsmache-gegen-leistungsberechtigte\/\"> Weiterlesen <span class=\"meta-nav\">&rarr; <\/span><\/a><\/p>\n","protected":false},"author":11,"featured_media":0,"comment_status":"open","ping_status":"open","sticky":false,"template":"","format":"standard","meta":{"footnotes":""},"categories":[6],"tags":[161,212,62,42,20,25,45,170,162,163,63,85,61],"class_list":["post-7924","post","type-post","status-publish","format-standard","hentry","category-essen","tag-armut","tag-ausbeutung","tag-bedarfsgemeinschaft","tag-bundesagentur-fur-arbeit","tag-hartz-iv","tag-jobcenter","tag-leiharbeit","tag-leistungsberechtigte","tag-miete","tag-niedriglohn","tag-optionskommune","tag-sgb-ii","tag-stadt-essen"],"_links":{"self":[{"href":"http:\/\/www.bg45.de\/index.php\/wp-json\/wp\/v2\/posts\/7924","targetHints":{"allow":["GET"]}}],"collection":[{"href":"http:\/\/www.bg45.de\/index.php\/wp-json\/wp\/v2\/posts"}],"about":[{"href":"http:\/\/www.bg45.de\/index.php\/wp-json\/wp\/v2\/types\/post"}],"author":[{"embeddable":true,"href":"http:\/\/www.bg45.de\/index.php\/wp-json\/wp\/v2\/users\/11"}],"replies":[{"embeddable":true,"href":"http:\/\/www.bg45.de\/index.php\/wp-json\/wp\/v2\/comments?post=7924"}],"version-history":[{"count":21,"href":"http:\/\/www.bg45.de\/index.php\/wp-json\/wp\/v2\/posts\/7924\/revisions"}],"predecessor-version":[{"id":11849,"href":"http:\/\/www.bg45.de\/index.php\/wp-json\/wp\/v2\/posts\/7924\/revisions\/11849"}],"wp:attachment":[{"href":"http:\/\/www.bg45.de\/index.php\/wp-json\/wp\/v2\/media?parent=7924"}],"wp:term":[{"taxonomy":"category","embeddable":true,"href":"http:\/\/www.bg45.de\/index.php\/wp-json\/wp\/v2\/categories?post=7924"},{"taxonomy":"post_tag","embeddable":true,"href":"http:\/\/www.bg45.de\/index.php\/wp-json\/wp\/v2\/tags?post=7924"}],"curies":[{"name":"wp","href":"https:\/\/api.w.org\/{rel}","templated":true}]}}