{"id":7898,"date":"2013-11-27T15:29:56","date_gmt":"2013-11-27T14:29:56","guid":{"rendered":"http:\/\/www.bg45.de\/?p=7898"},"modified":"2014-04-11T15:27:40","modified_gmt":"2014-04-11T13:27:40","slug":"positivliste-zur-aenderung-des-sgb-ii","status":"publish","type":"post","link":"http:\/\/www.bg45.de\/index.php\/7898\/positivliste-zur-aenderung-des-sgb-ii\/","title":{"rendered":"Positivliste zur \u00c4nderung des SGB II"},"content":{"rendered":"<h3><a href=\"http:\/\/www.bg45.de\/wp-content\/uploads\/2013\/11\/Positivliste.png\"><img loading=\"lazy\" decoding=\"async\" class=\"alignleft size-full wp-image-7899\" alt=\"Positivliste\" src=\"http:\/\/www.bg45.de\/wp-content\/uploads\/2013\/11\/Positivliste.png\" width=\"150\" height=\"75\" \/><\/a>Positivliste der \u00c4nderungsvorschl\u00e4ge<\/h3>\n<p>Zur weiteren Einf\u00fchrung in die Materie der geplanten \u00c4nderungen\u00a0im\u00a0SGB\u00a0II wollen wir vorab die Positivliste vorstellen. In dieser Liste sind durch den Bund-\/L\u00e4nderarbeitskreis alle Vorschl\u00e4ge aufgef\u00fchrt, die eine mehrheitliche Zustimmung erhalten haben. Was ihre Umsetzung wahrscheinlich macht.<\/p>\n<p><!--more--><\/p>\n<h4>Positivliste im Detail<\/h4>\n<p>Hierzu zitieren wir aus dem Einleitungsschreiben des Bund-\/L\u00e4nderarbeitskreises:<\/p>\n<blockquote><p>3.1 Konsensuale \u00c4nderungsvorschl\u00e4ge<\/p>\n<p>Die AG Rechtsvereinfachung im SGB\u00a0II hat von Ende Juni bis Ende August 2013 drei Workshops zu den Themen \u201eEinkommen und Verm\u00f6gen\u201c, \u201eVerfahrensrecht\u201c und \u201eKosten der Unterkunft und Heizung sowie Bedarfsgemeinschaft\u201c durchgef\u00fchrt, in denen eine Vielzahl mehrheitlich getragener \u00c4nderungsvorschl\u00e4ge identifiziert werden konnte. <strong>Die weitere Darstellung der erzielten Ergebnisse konzentriert sich auf eine \u201ePositivliste\u201c <\/strong><strong>von \u00c4nderungsvorschl\u00e4gen, die zumindest von Bund und L\u00e4ndern mehrheitlich bef\u00fcrwortet wurden.<\/strong><\/p><\/blockquote>\n<h4>Die Positivliste &#8211; Jetzt wird es ernst<\/h4>\n<p>Da sich wie o.a. der Konsens in drei Kapitel aufteilt, hier nun die Details zum Kapitel <em>Einkommen und Verm\u00f6gen <\/em>im Zitat:<\/p>\n<blockquote>\n<ul>\n<li>Schaffung einer Rechtsgrundlage f\u00fcr eine Darlehensgew\u00e4hrung bei vorzeitigem Verbrauch einer einmaligen Einnahme (Vorschlag zur lfd. Nr. 3.1 der Gesamt\u00fcbersicht \u00fcber die Rechts\u00e4nderungsvorschl\u00e4ge &#8211; Anlage 2),<\/li>\n<li>Einf\u00fchrung eines Einkommensfreibetrags bei geringf\u00fcgigen Kapitalertr\u00e4gen (Vorschlag zur lfd. Nr. 7),<\/li>\n<li>Pauschalierung des Einkommensabsetzbetrags f\u00fcr Beitr\u00e4ge zur gef\u00f6rderten Altersvorsorge (\u201eRiester-Rente\u201c) (Vorschlag zur lfd. Nr. 9),<\/li>\n<li>Klarstellungen bei den pauschalierten Einkommensabsetzbetr\u00e4gen (Vorschl\u00e4ge zu den lfd. Nrn. 11, 12),<\/li>\n<\/ul>\n<\/blockquote>\n<p>Und nun die lange Liste zum Kapitel &#8222;<em>Verfahrensrecht&#8220;:<\/em><\/p>\n<blockquote>\n<ul>\n<li>Einf\u00fchrung eines Ersatzanspruchs bei Doppelleistungen von Sozialleistungstr\u00e4gern (Vorschlag zur lfd. Nr. 70),<\/li>\n<li>Klarstellungen und Schlie\u00dfung von Haftungsl\u00fccken bei den Ersatzanspr\u00fcchen nach \u00a7\u00a7\u00a034\u00a0ff.\u00a0SGB\u00a0II (Vorschl\u00e4ge zu den lfd. Nrn. 65, 66, 69),<\/li>\n<li>Anpassung der Sonderregel zur Aufhebung von Verwaltungsakten bei \u00c4nderung der st\u00e4ndigen Rechtsprechung (\u00a7\u00a040\u00a0Absatz\u00a02\u00a0Nr.\u00a03\u00a0SGB\u00a0II i.V.m. \u00a7\u00a033\u00a0Absatz\u00a01\u00a0SGB\u00a0III) an die Besonderheiten im Rechtskreis SGB II (Vorschlag zur lfd. Nr. 76),<\/li>\n<li>Entsprechende Anwendbarkeit der rentenrechtlichen Regelungen des \u00a7\u00a0118\u00a0Absatz\u00a03\u00a0bis\u00a04a\u00a0SGB\u00a0VI zur R\u00fcck\u00fcberweisung von Betr\u00e4gen, die f\u00fcr Zeitr\u00e4ume nach dem Tod der leistungsberechtigten Person gew\u00e4hrt wurden, durch das Bankinstitut (Vorschlag zur lfd. Nr. 81),<\/li>\n<li>Schaffung einer Rechtsgrundlage zur Vorauszahlung noch nicht f\u00e4lliger Leistungen des Folgemonats (Vorschlag zur lfd. Nr. 83),<\/li>\n<li>Verl\u00e4ngerung des Regelbewilligungszeitraums auf zw\u00f6lf Monate (Vorschlag zur lfd. Nr. 84),<\/li>\n<li>Ausschluss der Pf\u00e4ndbarkeit und \u00dcbertragbarkeit von Anspr\u00fcchen nach dem SGB\u00a0II (Vorschlag zur lfd. Nr. 86),<\/li>\n<li>Aussetzung von Aufrechnungen bei gleichzeitiger Sanktion (Vorschlag zur lfd. Nr. 87),<\/li>\n<li>Zul\u00e4ssigkeit der Aufrechnung von Nachzahlungen mit Erstattungsforderungen (Vorschlag zur lfd. Nr. 88),<\/li>\n<li>Zul\u00e4ssigkeit der Aufrechnung auch bei Forderungen unterschiedlicher Kostentr\u00e4ger (Vorschlag zur lfd. Nr. 91),<\/li>\n<li>Sicherstellung eines Erstattungsanspruchs des Jobcenters bei Vorleistung nach dem SGB\u00a0II w\u00e4hrend der Feststellung von Erwerbsf\u00e4higkeit und Hilfebed\u00fcrftigkeit nach \u00a7\u00a044a\u00a0SGB\u00a0II (Vorschlag zur lfd. Nr. 92.2),<\/li>\n<li>Befreiung bestimmter Personenkreise von der Anzeige- und Bescheinigungspflicht bei Arbeitsunf\u00e4higkeit (Vorschlag zur lfd. Nr. 96),<\/li>\n<\/ul>\n<\/blockquote>\n<p>Und nun zum letzten Kapitel <em>&#8222;Kosten der Unterkunft&#8220;:<\/em><\/p>\n<blockquote>\n<ul>\n<li>Klarstellung bei der Anspruchsbeschr\u00e4nkung nach \u00a7\u00a022\u00a0Absatz\u00a01\u00a0Satz\u00a02\u00a0SGB\u00a0II (Vorschlag zur lfd. Nr. 35.1),<\/li>\n<li>\u00dcbernahme von Genossenschaftsanteilen bei Anmietung einer Wohnung als Darlehen nach \u00a7\u00a022\u00a0Absatz\u00a06\u00a0Satz\u00a01\u00a0SGB\u00a0II (Vorschlag zur lfd. Nr. 43).<\/li>\n<\/ul>\n<\/blockquote>\n<h4>Weitere Anmerkungen zu der Liste<\/h4>\n<p>Da die Positivliste einfach zu lang ist, um hier nun weitere Erkl\u00e4rungen zu liefern, werden wir weitere Artikel dazu ver\u00f6ffentlichen. Die unseren Lesern genauere Einzelheiten liefern, was sich hinter den jeweiligen Vorschl\u00e4gen verbirgt. Und was sie f\u00fcr sie bedeuten k\u00f6nnten.<\/p>\n<blockquote><p><span style=\"color: #ff0000;\"><strong>Der Menschheit W\u00fcrde ist in eure Hand gegeben, bewahret sie! <\/strong><\/span>Friedrich Schiller<\/p><\/blockquote>\n","protected":false},"excerpt":{"rendered":"<p>Positivliste der \u00c4nderungsvorschl\u00e4ge Zur weiteren Einf\u00fchrung in die Materie der geplanten \u00c4nderungen\u00a0im\u00a0SGB\u00a0II wollen wir vorab die Positivliste vorstellen. In dieser Liste sind durch den Bund-\/L\u00e4nderarbeitskreis alle Vorschl\u00e4ge aufgef\u00fchrt, die eine mehrheitliche Zustimmung erhalten haben. Was ihre Umsetzung wahrscheinlich macht.<\/p>\n","protected":false},"author":5,"featured_media":0,"comment_status":"open","ping_status":"open","sticky":false,"template":"","format":"standard","meta":{"footnotes":""},"categories":[3],"tags":[161,62,42,171,25,63,85,83,61],"class_list":["post-7898","post","type-post","status-publish","format-standard","hentry","category-juristisches","tag-armut","tag-bedarfsgemeinschaft","tag-bundesagentur-fur-arbeit","tag-eckregelsaetze","tag-jobcenter","tag-optionskommune","tag-sgb-ii","tag-soziales","tag-stadt-essen"],"_links":{"self":[{"href":"http:\/\/www.bg45.de\/index.php\/wp-json\/wp\/v2\/posts\/7898","targetHints":{"allow":["GET"]}}],"collection":[{"href":"http:\/\/www.bg45.de\/index.php\/wp-json\/wp\/v2\/posts"}],"about":[{"href":"http:\/\/www.bg45.de\/index.php\/wp-json\/wp\/v2\/types\/post"}],"author":[{"embeddable":true,"href":"http:\/\/www.bg45.de\/index.php\/wp-json\/wp\/v2\/users\/5"}],"replies":[{"embeddable":true,"href":"http:\/\/www.bg45.de\/index.php\/wp-json\/wp\/v2\/comments?post=7898"}],"version-history":[{"count":18,"href":"http:\/\/www.bg45.de\/index.php\/wp-json\/wp\/v2\/posts\/7898\/revisions"}],"predecessor-version":[{"id":8562,"href":"http:\/\/www.bg45.de\/index.php\/wp-json\/wp\/v2\/posts\/7898\/revisions\/8562"}],"wp:attachment":[{"href":"http:\/\/www.bg45.de\/index.php\/wp-json\/wp\/v2\/media?parent=7898"}],"wp:term":[{"taxonomy":"category","embeddable":true,"href":"http:\/\/www.bg45.de\/index.php\/wp-json\/wp\/v2\/categories?post=7898"},{"taxonomy":"post_tag","embeddable":true,"href":"http:\/\/www.bg45.de\/index.php\/wp-json\/wp\/v2\/tags?post=7898"}],"curies":[{"name":"wp","href":"https:\/\/api.w.org\/{rel}","templated":true}]}}