{"id":7830,"date":"2013-11-23T11:45:59","date_gmt":"2013-11-23T10:45:59","guid":{"rendered":"http:\/\/www.bg45.de\/?p=7830"},"modified":"2014-05-27T15:36:42","modified_gmt":"2014-05-27T13:36:42","slug":"mehrkosten-bei-alg-ii-leistungen-realitaet","status":"publish","type":"post","link":"http:\/\/www.bg45.de\/index.php\/7830\/mehrkosten-bei-alg-ii-leistungen-realitaet\/","title":{"rendered":"Mehrkosten bei ALG II-Leistungen Realit\u00e4t"},"content":{"rendered":"<h3><em><a href=\"http:\/\/www.bg45.de\/wp-content\/uploads\/2013\/11\/Mehrkosten.png\"><img loading=\"lazy\" decoding=\"async\" class=\"alignleft size-full wp-image-7831\" src=\"http:\/\/www.bg45.de\/wp-content\/uploads\/2013\/11\/Mehrkosten.png\" alt=\"Mehrkosten\" width=\"150\" height=\"82\" \/><\/a><\/em>Deutliche Mehrkosten bei ALG II f\u00fcr 2013<\/h3>\n<p>Nach \u00fcbereinstimmenden <a title=\"Mangelnde Absicherung: Fast jeder Vierte rutscht direkt in Hartz IV (SPIEGEL-ONLINE)\" href=\"http:\/\/www.spiegel.de\/wirtschaft\/soziales\/arbeitslose-fast-jeder-vierte-rutscht-direkt-in-hartz-iv-a-935242.html\" target=\"_blank\" rel=\"noopener\">Presseberichten<\/a> muss das Bundesfinanzministerium f\u00fcr das heurige Kalenderjahr rund 700 Millionen zus\u00e4tzlich f\u00fcr die Finanzierung der ALG\u00a0II-Mittel bewilligen. Das Ministerium begr\u00fcndet diese <em>Finanzspritze<\/em> damit, dass <em><strong>vollkommen unerwartet<\/strong><\/em> die Anzahl der SGB\u00a0II-Bedarfsgemeinschaften entgegen dem allgemeinen wirtschaftlichen Trend nicht gesunken ist.<\/p>\n<p><!--more--><\/p>\n<h4>Mehrkosten &#8211; Ach, was f\u00fcr ein Zufall!<\/h4>\n<p>Wie wir schon in zahlreichen Artikel berichtet haben, war das zu erwarten. Denn die angeblich so positive wirtschaftliche Entwicklung in Deutschland geht an vielen Langzeitarbeitslosen v\u00f6llig vorbei. Und das deren Anzahl st\u00e4ndig steigt, ist eine Tatsache, die unsere etablierten Politiker gerne \u00f6ffentlich verleugnen. Oftmals leider aber auch totschweigen.<\/p>\n<p>Deshalb ist es unserer Auffassung nach auch kein Wunder, dass das Bundesfinanzministerium jetzt die besagten 700 Millionen Euro Mehrkosten bewilligen muss.<\/p>\n<h4>Mehrkosten fallen eigentlich kaum auf<\/h4>\n<p>Wenn man den Presseberichten glauben schenken darf, wird das Unrechtssystem namens <em>Hartz\u00a04<\/em> die \u00f6ffentliche Haushalte dieses Jahr gem\u00e4\u00df den Etatplanungen rund 32 Milliarden Euro kosten. Im Verh\u00e4ltnis fallen die 700 Millionen Euro Mehrkosten da kaum auf. Die hohe Gesamtsumme an sozialen Transferleistungen ist auch ein Grund daf\u00fcr, warum sich die etablierte Politik so beharrlich weigert, den Eckregelsatz deutlich zu erh\u00f6hen. Das Perfide dabei ist, dass sie durch ihre verfehlte Wirtschaftspolitik selber die Verantwortung f\u00fcr die hohe Zahl an SGB\u00a0II-Leistungsberechtigten tr\u00e4gt. Dennoch ist die Zahl der Bedarfsgemeinschaften, die aktuell laut den Presseberichten bei der BA gemeldet ist, mit 3,28 Millionen sehr hoch.<\/p>\n<h4>Eine Ursache f\u00fcr die weiteren Mehrkosten<\/h4>\n<p>Nach einen <a title=\"700 Millionen Euro zus\u00e4tzlich f\u00fcr Hartz IV n\u00f6tig (Welt-Online)\" href=\"http:\/\/www.welt.de\/wirtschaft\/article122182109\/700-Millionen-Euro-zusaetzlich-fuer-Hartz-IV-noetig.html\" target=\"_blank\" rel=\"noopener\">Bericht<\/a> der Welt-Online, die sich dabei auf einen Bericht der <a title=\"Freie Presse Homepage\" href=\"http:\/\/www.freiepresse.de\/\" target=\"_blank\" rel=\"noopener\">Freien Presse<\/a> beruft, ist eine der Ursachen f\u00fcr die Mehrkosten die hohe Zahl der Menschen, die bei Arbeitslosigkeit direkt in ALG\u00a0II-Leistungen rutschen.<\/p>\n<p>Hierzu zitieren wir auszugsweise aus dem Artikel der Welt-Online:<\/p>\n<blockquote>\n<h5>Jeder Vierte rutscht direkt in Hartz\u00a0IV ab<\/h5>\n<p>Fast jeder vierte Arbeitslose in Deutschland muss gleich nach dem Verlust seines Jobs Hartz-IV-Leistungen in Anspruch nehmen. Das berichtete die &#8222;Freie Presse&#8220; unter Berufung auf eine Statistik der Bundesagentur f\u00fcr Arbeit.<\/p>\n<p>Vielen stehe das Arbeitslosengeld\u00a0I entweder nicht zu, oder es reiche zur Sicherung des Lebensunterhalts nicht aus. Das betraf den Daten zufolge im vergangenen Jahr 23,3 Prozent aller neu gemeldeten Arbeitslosen.<\/p>\n<p><strong>Das h\u00f6chste Risiko tr\u00fcgen offenbar Leiharbeiter, hei\u00dft es in der Vorabmeldung des Blattes. Mehr als jeder Dritte, der gerade seinen Job in einer Zeitarbeitsfirma verloren habe, sei 2012 gleich auf Leistungen der Grundsicherung angewiesen gewesen. 2008 h\u00e4tten bundesweit lediglich 21,5 Prozent der Neu-Arbeitslosen Hartz-IV bezogen.<\/strong><\/p><\/blockquote>\n<h4>Der Niedriglohnsektor und seine Auswirkungen<\/h4>\n<p>Die im Zitat genannten Zahlen sind eine Auswirkung der verfehlten deutschen Wirtschaftspolitik. Die diesen gro\u00dfen Niedriglohnsektor erst hervorgerufen hat. Deshalb ist so immanent wichtig, dass endlich ein fl\u00e4chendeckender, gesetzlicher Mindestlohn eingef\u00fchrt wird. Damit diese Verh\u00e4ltnisse hoffentlich bald endlich ein Ende haben.<\/p>\n<blockquote><p><span style=\"color: #008000;\"><strong>Wer A sagt, der muss nicht B sagen. Er kann auch erkennen, dass A falsch war.<br \/>\n<\/strong><\/span>Bertolt Brecht<\/p><\/blockquote>\n","protected":false},"excerpt":{"rendered":"<p>Deutliche Mehrkosten bei ALG II f\u00fcr 2013 Nach \u00fcbereinstimmenden Presseberichten muss das Bundesfinanzministerium f\u00fcr das heurige Kalenderjahr rund 700 Millionen zus\u00e4tzlich f\u00fcr die Finanzierung der ALG\u00a0II-Mittel bewilligen. Das Ministerium begr\u00fcndet diese Finanzspritze damit, dass vollkommen unerwartet die Anzahl der SGB\u00a0II-Bedarfsgemeinschaften entgegen dem allgemeinen wirtschaftlichen Trend nicht gesunken ist.<\/p>\n","protected":false},"author":11,"featured_media":0,"comment_status":"open","ping_status":"open","sticky":false,"template":"","format":"standard","meta":{"footnotes":""},"categories":[10],"tags":[161,62,42,171,25,85,83],"class_list":["post-7830","post","type-post","status-publish","format-standard","hentry","category-medien","tag-armut","tag-bedarfsgemeinschaft","tag-bundesagentur-fur-arbeit","tag-eckregelsaetze","tag-jobcenter","tag-sgb-ii","tag-soziales"],"_links":{"self":[{"href":"http:\/\/www.bg45.de\/index.php\/wp-json\/wp\/v2\/posts\/7830","targetHints":{"allow":["GET"]}}],"collection":[{"href":"http:\/\/www.bg45.de\/index.php\/wp-json\/wp\/v2\/posts"}],"about":[{"href":"http:\/\/www.bg45.de\/index.php\/wp-json\/wp\/v2\/types\/post"}],"author":[{"embeddable":true,"href":"http:\/\/www.bg45.de\/index.php\/wp-json\/wp\/v2\/users\/11"}],"replies":[{"embeddable":true,"href":"http:\/\/www.bg45.de\/index.php\/wp-json\/wp\/v2\/comments?post=7830"}],"version-history":[{"count":23,"href":"http:\/\/www.bg45.de\/index.php\/wp-json\/wp\/v2\/posts\/7830\/revisions"}],"predecessor-version":[{"id":8615,"href":"http:\/\/www.bg45.de\/index.php\/wp-json\/wp\/v2\/posts\/7830\/revisions\/8615"}],"wp:attachment":[{"href":"http:\/\/www.bg45.de\/index.php\/wp-json\/wp\/v2\/media?parent=7830"}],"wp:term":[{"taxonomy":"category","embeddable":true,"href":"http:\/\/www.bg45.de\/index.php\/wp-json\/wp\/v2\/categories?post=7830"},{"taxonomy":"post_tag","embeddable":true,"href":"http:\/\/www.bg45.de\/index.php\/wp-json\/wp\/v2\/tags?post=7830"}],"curies":[{"name":"wp","href":"https:\/\/api.w.org\/{rel}","templated":true}]}}