{"id":7310,"date":"2013-11-15T19:03:44","date_gmt":"2013-11-15T18:03:44","guid":{"rendered":"http:\/\/www.bg45.de\/?p=7310"},"modified":"2021-05-12T12:34:26","modified_gmt":"2021-05-12T10:34:26","slug":"evaluation-der-buergerarbeit-neue-studie","status":"publish","type":"post","link":"http:\/\/www.bg45.de\/index.php\/7310\/evaluation-der-buergerarbeit-neue-studie\/","title":{"rendered":"Evaluation der B\u00fcrgerarbeit &#8211; Neue Studie"},"content":{"rendered":"<h3><a href=\"http:\/\/www.bg45.de\/wp-content\/uploads\/2013\/11\/Evaluation.png\"><img loading=\"lazy\" decoding=\"async\" class=\"alignleft size-full wp-image-7311\" src=\"http:\/\/www.bg45.de\/wp-content\/uploads\/2013\/11\/Evaluation.png\" alt=\"Evaluation\" width=\"120\" height=\"130\" \/><\/a>Neue Studie zur Evaluation der B\u00fcrgerarbeit ver\u00f6ffentlicht<\/h3>\n<p>Das <a title=\"Institut f\u00fcr Angewandte Wirtschaftsforschung (IAW) - Aktuelles\" href=\"https:\/\/www.iaw.edu\/aktuelles.html\" target=\"_blank\" rel=\"noopener\">IAW<\/a> und das\u00a0<a title=\"Instituts f\u00fcr Sozialforschung und Gesellschaftspolitik (ISG)\" href=\"http:\/\/www.isg-institut.de\/\" target=\"_blank\" rel=\"noopener\">ISG<\/a> haben den <a title=\"Evaluation der Modellprojekte &quot;B\u00fcrgerarbeit&quot; - Zwischenbericht zum 30. April 2013 (IAW\/ISG)\" href=\"http:\/\/www.bg45.de\/wp-content\/uploads\/2013\/11\/Zweiten-Zwischenbericht.pdf\" target=\"_blank\" rel=\"noopener\">Zweiten Zwischenbericht<\/a> zur Evaluation der \u201eB\u00fcrgerarbeit\u201c vorgelegt.<\/p>\n<p>Er gibt Aufschluss dar\u00fcber, wie sich das seit dem\u00a015.\u00a0Juli 2010 laufende Modellprojekt B\u00fcrgerarbeit auf die Besch\u00e4ftigungssituation der teilnehmenden Personen ausgewirkt hat.<\/p>\n<p><!--more--><\/p>\n<h4>Der Bericht zur Evaluation<\/h4>\n<p>Zur Einf\u00fchrung sei zun\u00e4chst einmal <a title=\"Wikipedia zu Evaluation\" href=\"http:\/\/de.wikipedia.org\/wiki\/Evaluation\" target=\"_blank\" rel=\"noopener\">Wikipedia<\/a> zur Erkl\u00e4rung des Begriffes Evaluation zitiert:<\/p>\n<blockquote><p>Unter Evaluation wird meist die Bewertung von Projekten, Prozessen und Organisationseinheiten verstanden. Dabei k\u00f6nnen Kontext, Struktur, Prozess, Aufwand und Ergebnis einbezogen werden. Im Allgemeinen l\u00e4sst sich als Evaluation auch die grunds\u00e4tzliche Untersuchung begreifen, ob und inwieweit etwas geeignet erscheint, einen angestrebten Zweck zu erf\u00fcllen. Im Sprachgebrauch werden auch Evaluation, Untersuchung und Analyse gleichbedeutend im Sinne einer Bestandsaufnahme ohne besondere Zweckorientierung gebraucht.<\/p><\/blockquote>\n<h4>Zusammenfassung der wichtigsten Ergebnisse aus dem Bericht:<\/h4>\n<ul>\n<li>Die w\u00e4hrend der mindestens 6 Monate dauernden Aktivierungsphase m\u00f6glich gewordene intensivere Betreuung und h\u00f6here Kontaktdichte wurde von den Jobcentern positiv bewertet.<\/li>\n<li>Im Anschluss an die Phase der Aktivierung konnten die Integrationen gesteigert werden. Teilnehmende an der Aktivierungsphase hatten eine um 7% h\u00f6here Integrationswahrscheinlichkeit als nicht gef\u00f6rderte Teilnehmer. 23% der Aktivierten schafften den Sprung in den allgemeinen Arbeitsmarkt.<\/li>\n<li><strong>Die Aktivierung hat jedoch trotz der verbesserten Integration keinen Erfolg bei der Beendigung des Leistungsbezugs hervorgebracht.<\/strong><\/li>\n<li><strong>Es ist anzunehmen, dass die am Modellprojekt teilnehmenden Jobcenter mehr Wert auf einen schnellen Integrationserfolg legten, als auf eine existenzsichernde Besch\u00e4ftigung.<\/strong><\/li>\n<li><strong>Von den aktivierten Teilnehmern gingen 14% in die Besch\u00e4ftigungsphase \u00fcber. Fast zwei Drittel der Aktivierten gingen weder in eine regul\u00e4re Besch\u00e4ftigung auf dem allgemeinen Arbeitsmarkt noch in die Besch\u00e4ftigungsphase der B\u00fcrgerarbeit.<\/strong><\/li>\n<li>Die Ergebnisse legen den Schluss nahe, dass die leistungsst\u00e4rksten Personen in den Arbeitsmarkt integriert werden konnten, die Personen mit mittleren Chancen in die Besch\u00e4ftigungsphase \u00fcbergingen und Personen mit den gr\u00f6\u00dften Vermittlungshemmnissen weder in den allgemeinen Arbeitsmarkt noch in die Besch\u00e4ftigungsphase einm\u00fcndeten.<\/li>\n<\/ul>\n<h4>Der Bericht zur Evaluation &#8211; Das Endergebnis<\/h4>\n<p>Wenn man die Kernaussagen des Berichtes betrachtet, wird klar, wie sehr das seitens der Politik mit unendlichen Vorschusslorbeeren bedachte Modellprojekt B\u00fcrgerarbeit in der Realit\u00e4t gescheitert ist. Selbst die Bundesagentur f\u00fcr Arbeit hat das bereits im April dieses Jahres festgestellt. Sie hat dazu einen internen Revisionsbericht erstellt, der tief blicken l\u00e4sst.<\/p>\n<p>Die BA stellt ern\u00fcchternd fest, dass die JobCenter bei ihrem Verwaltungshandeln zum Modellprojekt B\u00fcrgerarbeit mehr oder minder schlichtweg versagt haben.<\/p>\n<p>Wir zitieren:<\/p>\n<blockquote><p>Die Interne Revision hat bei der Durchf\u00fchrung des Bundesprogramms B\u00fcrgerarbeit durch die gE (= JobCenter) zum Teil erhebliche Umsetzungsdefizite festgestellt. Handlungsbedarf besteht nicht nur hinsichtlich der Qualit\u00e4t der Bearbeitung der Einzelf\u00e4lle, sondern auch bei der Ausgestaltung von Kontrollen in erfolgskritischen Prozessphasen der B\u00fcrgerarbeit einschlie\u00dflich der Fachaufsicht.<\/p><\/blockquote>\n<p>Hoffentlich wird das Modellprojekt B\u00fcrgerarbeit nicht verl\u00e4ngert. Denn momentan ist es bis zum 31.12.2014 befristet.<\/p>\n<blockquote><p>Keine Regierung und keine Bataillone verm\u00f6gen Recht und Freiheit zu sch\u00fctzen, wo der B\u00fcrger nicht imstande ist, selber vor die Haust\u00fcre zu treten und nachzusehen, was es gibt.<\/p>\n<p>Gottfried Keller (1819 &#8211; 1890), Schweizer Dichter<\/p><\/blockquote>\n","protected":false},"excerpt":{"rendered":"<p>Neue Studie zur Evaluation der B\u00fcrgerarbeit ver\u00f6ffentlicht Das IAW und das\u00a0ISG haben den Zweiten Zwischenbericht zur Evaluation der \u201eB\u00fcrgerarbeit\u201c vorgelegt. Er gibt Aufschluss dar\u00fcber, wie sich das seit dem\u00a015.\u00a0Juli 2010 laufende Modellprojekt B\u00fcrgerarbeit auf die Besch\u00e4ftigungssituation der teilnehmenden Personen ausgewirkt hat.<\/p>\n","protected":false},"author":11,"featured_media":0,"comment_status":"open","ping_status":"open","sticky":false,"template":"","format":"standard","meta":{"footnotes":""},"categories":[175],"tags":[62,42,25,170,66,63,85,61],"class_list":["post-7310","post","type-post","status-publish","format-standard","hentry","category-politik","tag-bedarfsgemeinschaft","tag-bundesagentur-fur-arbeit","tag-jobcenter","tag-leistungsberechtigte","tag-nrw","tag-optionskommune","tag-sgb-ii","tag-stadt-essen"],"_links":{"self":[{"href":"http:\/\/www.bg45.de\/index.php\/wp-json\/wp\/v2\/posts\/7310","targetHints":{"allow":["GET"]}}],"collection":[{"href":"http:\/\/www.bg45.de\/index.php\/wp-json\/wp\/v2\/posts"}],"about":[{"href":"http:\/\/www.bg45.de\/index.php\/wp-json\/wp\/v2\/types\/post"}],"author":[{"embeddable":true,"href":"http:\/\/www.bg45.de\/index.php\/wp-json\/wp\/v2\/users\/11"}],"replies":[{"embeddable":true,"href":"http:\/\/www.bg45.de\/index.php\/wp-json\/wp\/v2\/comments?post=7310"}],"version-history":[{"count":27,"href":"http:\/\/www.bg45.de\/index.php\/wp-json\/wp\/v2\/posts\/7310\/revisions"}],"predecessor-version":[{"id":11626,"href":"http:\/\/www.bg45.de\/index.php\/wp-json\/wp\/v2\/posts\/7310\/revisions\/11626"}],"wp:attachment":[{"href":"http:\/\/www.bg45.de\/index.php\/wp-json\/wp\/v2\/media?parent=7310"}],"wp:term":[{"taxonomy":"category","embeddable":true,"href":"http:\/\/www.bg45.de\/index.php\/wp-json\/wp\/v2\/categories?post=7310"},{"taxonomy":"post_tag","embeddable":true,"href":"http:\/\/www.bg45.de\/index.php\/wp-json\/wp\/v2\/tags?post=7310"}],"curies":[{"name":"wp","href":"https:\/\/api.w.org\/{rel}","templated":true}]}}