{"id":6842,"date":"2013-11-04T15:45:54","date_gmt":"2013-11-04T14:45:54","guid":{"rendered":"http:\/\/www.bg45.de\/?p=6842"},"modified":"2021-02-17T12:42:24","modified_gmt":"2021-02-17T11:42:24","slug":"monatsbericht-ba-oktober-2013","status":"publish","type":"post","link":"http:\/\/www.bg45.de\/index.php\/6842\/monatsbericht-ba-oktober-2013\/","title":{"rendered":"Monatsbericht BA Oktober 2013 vorgestellt"},"content":{"rendered":"<h3><a href=\"http:\/\/www.bg45.de\/wp-content\/uploads\/2013\/11\/Monatsbericht.png\"><img loading=\"lazy\" decoding=\"async\" class=\"alignleft size-full wp-image-6843\" src=\"http:\/\/www.bg45.de\/wp-content\/uploads\/2013\/11\/Monatsbericht.png\" alt=\"Monatsbericht\" width=\"150\" height=\"75\" \/><\/a>Monatsbericht Oktober 2013 \u00fcber den Arbeitsmarkt durch die Bundesagentur f\u00fcr Arbeit (BA) vorgestellt<\/h3>\n<p>All die Monate wieder stellt uns die BA ihren sogenannten Arbeitsmarktbericht vor. In welchem sie meistens gute Worte f\u00fcr eine schlechte Botschaft findet. So auch diesmal, denn der <a title=\"Die Entwicklung des Arbeits- und Ausbildungsmarktes im Oktober 2013\" href=\"http:\/\/statistik.arbeitsagentur.de\/\" target=\"_blank\" rel=\"noopener noreferrer\">Einleitungstext<\/a> liest sich wie ein Lobgesang auf die aktuelle Wirtschaftspolitik. Die tats\u00e4chlichen Zahlen werden wie \u00fcblich verschleiert. Offiziell waren letzten Monat 2.801.000\u00a0Personen als arbeitslos gemeldet.<\/p>\n<p><!--more--><\/p>\n<h4>Der Monatsbericht 2013<\/h4>\n<p>Der Monatsbericht Oktober 2013 \u00fcber den Arbeitsmarkt enth\u00e4lt durchaus interessante Zahlen, die der \u00d6ffentlichkeit durch die Mainstreammedien gerne vorenthalten werden. Wer sich den Monatsbericht einmal ruhig durchliest, wird erstaunt sein, dass die BA selber von <strong>5,06\u00a0Millionen erwerbsf\u00e4higen Leistungsbeziehern<\/strong> spricht.<\/p>\n<p>Hierzu muss man sagen, dass das die zusammengefasste Zahl aller ALG\u00a0I- und ALG\u00a0II-Leistungsberechtigten ist. In dieser Zahl stecken auch noch die Betroffenen mit drin, die in arbeitsmarktpolitischen Ma\u00dfnahmen\u00a0<em>geparkt<\/em> sind. Also im normalen Deutsch: Alle die, die an Arbeitsf\u00f6rderungsma\u00dfnahmen teilnehmen. In der in den Mainstreammedien genannten Arbeitslosenzahl sind diese herausgerechnet. Denn durch die Teilnahme an einer Arbeitsf\u00f6rderungsma\u00dfnahme ist man offiziell nicht mehr arbeitslos, sondern lediglich nur noch arbeitssuchend. Hierzu nennt die BA in ihrem Monatsbericht eine Zahl von 843.000 Leistungsberechtigten, auf die das zutraf.<\/p>\n<p>Dann darf man nicht vergessen, dass die in der \u00d6ffentlichkeit genannte Zahl auch um die Anzahl der Leistungsberechtigten bereinigt ist, die eine Nebent\u00e4tigkeit aus\u00fcben. Auch diese sind durch ihren Nebenerwerb nur noch als arbeitssuchend gemeldet.<\/p>\n<h4>Der Monatsbericht und die statistischen Tricks<\/h4>\n<p>Neben den im vorherigen Absatz angef\u00fchrten Personengruppen gibt es noch Weitere, die aufgrund diverser dubioser Begr\u00fcndungen aus der Statistik herausgerechnet werden. Hierzu z\u00e4hlen:<\/p>\n<ol>\n<li>Personen, die Gemeinwohlarbeit leisten (die 1-Euro-Jobs).<\/li>\n<li>Leistungsberechtigte Personen, die an einen privaten Arbeitsvermittler <em>weitergeleitet<\/em> wurden.<\/li>\n<li>Leistungsberechtigte, die zum fraglichen Zeitpunkt (z.Z. Monatsmitte) arbeitsunf\u00e4hig gemeldet sind.<\/li>\n<li>Leistungsberechtigte, die min. 58\u00a0Jahre alt sind, min. ein Jahr lang im Leistungsbezug stehen und min. ein Jahr lang kein Angebot f\u00fcr ein sozialversicherungspflichtiges Besch\u00e4ftigungsverh\u00e4ltnis bekommen haben.<\/li>\n<li>Es gibt noch weitere Bedingungen mit denen \u00fcber 57-J\u00e4hrige aus der Statistik verschwinden. Wie z.B. nach zahlreichen Regelungen der Altersteilzeit, des Vorruhestandes bis hin zur Quasi-Zwangsverrentung mit 63.<\/li>\n<li>Alle Frauen mit Kind bis drei Jahre tauchen, auch wenn sie ausschlie\u00dflich von Alg\u00a0II leben, nicht in der Statistik auf.<\/li>\n<\/ol>\n<h4>Der Monatsbericht und die Kurzarbeit<\/h4>\n<p>Hier verweist die BA selber darauf, dass die Zahlen f\u00fcr den Oktober 2013 aufgrund des komplizierten Antragsverfahrens nur gesch\u00e4tzt sind. Eine statistisch abgesicherte Zahl nennt sie f\u00fcr den April 2013. In diesem Monat gab es 113.000\u00a0Personen, die Kurzarbeitergeld erhielten. Eine mehr als pr\u00e4gnante Zahl, denn die Anzahl der Kurzarbeiter ist ein deutliches Konjunkturbarometer. Dieses zeigt an, dass es um den Arbeitsmarkt doch nicht so gut gestellt ist, wie es immer \u00f6ffentlich behauptet wird.<\/p>\n<h4>Der Monatsbericht und SGB\u00a0II-Leistungsberechtigte<\/h4>\n<p>Interessant in diesem Zusammenhang ist, dass jeweils mit dem Monatsbericht \u00fcber den Arbeitsmarkt die aktuelle\u00a0Zahl der SGB\u00a0II-Leistungsberechtigten genannt wird.<\/p>\n<p>Hierzu wollen wir aus dem oben bereits verlinkten Einleitungstext der BA zitieren:<\/p>\n<blockquote><p>Von den 6,0\u00a0Mio. Leistungsberechtigten in der Grundsicherung sind 72% (4,3\u00a0Mio.) erwerbsf\u00e4hig, 28% (1,7\u00a0Mio.) nicht erwerbsf\u00e4hig. Davon sind rund 96% Kinder unter 15\u00a0Jahren. Von den erwerbsf\u00e4higen Leistungsberechtigten sind 1,9\u00a0Mio. bei einem Jobcenter als arbeitslos gemeldet (Arbeitslose im Rechtskreis SGB\u00a0II). Die insgesamt 2,8\u00a0Mio. Arbeitslosen werden zu 31% (0,9\u00a0Mio.) durch die Agenturen f\u00fcr Arbeit betreut (Arbeitslose im Rechtskreis SGB\u00a0III). 1,0\u00a0Mio. (37%) der Arbeitslosen sind langzeitarbeitslos, darunter 0,9\u00a0Mio. (47%) im Rechtskreis SGB\u00a0II.<\/p><\/blockquote>\n<p>Diese Zahlen braucht man nicht weiter zu kommentieren, sie sind dramatisch genug. Und ein deutliches Zeichen f\u00fcr die verfehlte Arbeitsmarktpolitik der letzten Jahrzehnte.<\/p>\n","protected":false},"excerpt":{"rendered":"<p>Monatsbericht Oktober 2013 \u00fcber den Arbeitsmarkt durch die Bundesagentur f\u00fcr Arbeit (BA) vorgestellt All die Monate wieder stellt uns die BA ihren sogenannten Arbeitsmarktbericht vor. In welchem sie meistens gute Worte f\u00fcr eine schlechte Botschaft findet. So auch diesmal, denn der Einleitungstext liest sich wie ein Lobgesang auf die aktuelle&#8230; <a class=\"continue-reading-link\" href=\"http:\/\/www.bg45.de\/index.php\/6842\/monatsbericht-ba-oktober-2013\/\"> Weiterlesen <span class=\"meta-nav\">&rarr; <\/span><\/a><\/p>\n","protected":false},"author":11,"featured_media":0,"comment_status":"open","ping_status":"closed","sticky":false,"template":"","format":"standard","meta":{"footnotes":""},"categories":[10],"tags":[164,161,42,54,25,170,85,83],"class_list":["post-6842","post","type-post","status-publish","format-standard","hentry","category-medien","tag-arge","tag-armut","tag-bundesagentur-fur-arbeit","tag-erwerbslose","tag-jobcenter","tag-leistungsberechtigte","tag-sgb-ii","tag-soziales"],"_links":{"self":[{"href":"http:\/\/www.bg45.de\/index.php\/wp-json\/wp\/v2\/posts\/6842","targetHints":{"allow":["GET"]}}],"collection":[{"href":"http:\/\/www.bg45.de\/index.php\/wp-json\/wp\/v2\/posts"}],"about":[{"href":"http:\/\/www.bg45.de\/index.php\/wp-json\/wp\/v2\/types\/post"}],"author":[{"embeddable":true,"href":"http:\/\/www.bg45.de\/index.php\/wp-json\/wp\/v2\/users\/11"}],"replies":[{"embeddable":true,"href":"http:\/\/www.bg45.de\/index.php\/wp-json\/wp\/v2\/comments?post=6842"}],"version-history":[{"count":32,"href":"http:\/\/www.bg45.de\/index.php\/wp-json\/wp\/v2\/posts\/6842\/revisions"}],"predecessor-version":[{"id":11593,"href":"http:\/\/www.bg45.de\/index.php\/wp-json\/wp\/v2\/posts\/6842\/revisions\/11593"}],"wp:attachment":[{"href":"http:\/\/www.bg45.de\/index.php\/wp-json\/wp\/v2\/media?parent=6842"}],"wp:term":[{"taxonomy":"category","embeddable":true,"href":"http:\/\/www.bg45.de\/index.php\/wp-json\/wp\/v2\/categories?post=6842"},{"taxonomy":"post_tag","embeddable":true,"href":"http:\/\/www.bg45.de\/index.php\/wp-json\/wp\/v2\/tags?post=6842"}],"curies":[{"name":"wp","href":"https:\/\/api.w.org\/{rel}","templated":true}]}}