{"id":6134,"date":"2013-10-15T14:00:35","date_gmt":"2013-10-15T12:00:35","guid":{"rendered":"http:\/\/www.bg45.de\/?p=6134"},"modified":"2025-04-11T12:58:25","modified_gmt":"2025-04-11T10:58:25","slug":"skandal-in-essen-bei-but-die-zweite","status":"publish","type":"post","link":"http:\/\/www.bg45.de\/index.php\/6134\/skandal-in-essen-bei-but-die-zweite\/","title":{"rendered":"Skandal in Essen bei BuT &#8211; Die Zweite"},"content":{"rendered":"<h3><a href=\"http:\/\/www.bg45.de\/wp-content\/uploads\/2013\/10\/skandal.png\"><img loading=\"lazy\" decoding=\"async\" class=\"alignleft size-full wp-image-6135\" src=\"http:\/\/www.bg45.de\/wp-content\/uploads\/2013\/10\/skandal.png\" alt=\"skandal\" width=\"150\" height=\"150\" \/><\/a>Das Ammenm\u00e4rchen im Essener BuT-Skandal geht weiter<\/h3>\n<p>Wie wir schon in unserem Artikel <a title=\"Skandal\u00f6se Zust\u00e4nde in Essen beim Paket Bildung und Teilhabe\" href=\"http:\/\/www.bg45.de\/index.php\/6038\/skandaloese-zustaende-in-essen-bei-bildung-und-teilhabe\/\">Skandal\u00f6se Zust\u00e4nde in Essen beim Paket Bildung und Teilhabe<\/a> berichteten, schenkten wir den Aussagen der Herren Renzel und Klieve zu diesem unglaublichen Skandal keinen Glauben.<\/p>\n<h4>So ein Skandal! Wer glaubt noch an den b\u00f6sen Wolf?!?<\/h4>\n<p>Wie wir schon in unseren ersten Artikel zu diesem Skandal berichteten, konnten wir nicht nachvollziehen, dass die verantwortlichen Akteure von nichts gewusst haben wollen. Deshalb haben wir weiter recherchiert und sind dabei auf Fakten gesto\u00dfen, die wir unseren interessierten Lesern nicht vorenthalten wollen.<\/p>\n<p><!--more--><\/p>\n<p>Herr Renzel stellte in seiner letzten Stellungnahme in der WAZ-Online am 9.\u00a0Oktober die Lage insgesamt so dar, dass alle Verantwortlichen von den anstehenden K\u00fcrzungen der Beihilfen zum Paket Bildung und Teilhabe quasi \u00fcberrannt wurden. Und dem machtlos gegen\u00fcber stehen.<\/p>\n<p>Wie wir schon in unserem letzten Artikel angef\u00fchrt hatten, sehen wir es so, dass die Stadt Essen durchaus wusste, was da auf sie zukommt. Nur leider hatten wir da mal abgesehen von den Gesetzestexten noch keine weiteren offiziellen Dokumente vorliegen.<\/p>\n<p>Diese haben wir aber nun zumindest teilweise recherchiert.<\/p>\n<h4>Ignoranz &#8211; Du bist in diesem Skandal kaum zu \u00fcberbieten!<\/h4>\n<p>Per 7.\u00a0Juli 2011 erlie\u00df das Schulministerium NRW in Zusammenarbeit mit den NRW-Ministerien f\u00fcr Arbeit, Soziales und Integration; und f\u00fcr Familie, Kinder, Jugend, Kultur und Sport einen Runderlass an alle zust\u00e4ndigen Mandats- und Funktionstr\u00e4ger in NRW zur Schulsozialarbeit.<\/p>\n<p>Dort hei\u00dft es unter Punkt 2:<\/p>\n<blockquote><p>Es muss deutlich werden, dass entsprechend den Ausf\u00fchrungen des Bundesverfassungsgerichts Bildung und Teilhabe zum Existenzminimum geh\u00f6ren und im Hinblick auf sp\u00e4tere Arbeitsmarktchancen zu verwirklichen sind, soweit dies nicht anderweitig sichergestellt ist. Schulsozialarbeit im Rahmen des Bildungs- und Teilhabepakets soll daher dazu dienen, insbesondere die Bildung und Teilhabe der betroffenen Kinder und Jugendlichen zu unterst\u00fctzen. Von einer gelingenden Teilhabe am gesellschaftlichen Leben h\u00e4ngen in besonderem Ma\u00dfe auch die Integrationschancen in den Arbeitsmarkt ab.<\/p><\/blockquote>\n<p>Weiter unter Punkt 5:<\/p>\n<blockquote><p>Des Weiteren ist es sicherzustellen, dass die F\u00f6rderung der Schulsozialarbeit im Rahmen des Bildungs- und Teilhabepakets zus\u00e4tzliche Angebote finanzieren soll. Es ist zu verhindern, dass bestehende Angebote der Jugend- und Schulsozialarbeit aus Bundesmitteln refinanziert werden oder neue Doppelstrukturen entstehen.<\/p><\/blockquote>\n<p>Zudem unter Punkt 7:<\/p>\n<blockquote><p>Zum Nachweis der Mittelverwendung im Bereich der Schulsozialarbeit im Rahmen des Bildungs- und Teilhabepakets &#8211; insbesondere im Hinblick auf die Fortf\u00fchrung der Finanzierung durch den Bund ab 2014 &#8211; ist es erforderlich, die Umsetzung im Rahmen der Zielsteuerung zu begleiten und die Ausgaben in diesem Bereich kontinuierlich zu dokumentieren. Deshalb ist, auch unter Ber\u00fccksichtigung der Regelung in \u00a7\u00a046 Abs.\u00a08 letzter Satz SGB\u00a0II, die Mittelverwendung im Einzelnen nachzuhalten.<\/p><\/blockquote>\n<p>Von besonderer Bedeutung ist der letzte Absatz dieses Runderlasses:<\/p>\n<blockquote><p><strong>Beachten Sie, dass die Mittel f\u00fcr Schulsozialarbeit nur bis zum 31.12.2013 durch den Bund finanziert werden. Die Landesregierung wird sich angesichts dieser Befristung der Mittelbereitstellung durch den Bund daf\u00fcr einsetzen, dass der Bund seine Verantwortung auch ab dem 1.1.2014, m\u00f6glichst auf Dauer, wahrnimmt.<\/strong><\/p><\/blockquote>\n<p>Somit wird deutlich, dass die verantwortlichen Herren Renzel und Klieve Bescheid gewusst haben m\u00fcssen, dass sie entsprechend sorgsam mit diesen Mittel umzugehen haben. Alleine schon deshalb h\u00e4tten die im Jahr 2011 nicht verbrauchten Mittel in H\u00f6he von rund 7\u00a0Millionen Euro konsequent in die Folgejahre \u00fcbertragen werden m\u00fcssen.<\/p>\n<h4>Skandal &#8211; Du wirst immer gr\u00f6\u00dfer!<\/h4>\n<p>Dar\u00fcber hinaus existiert zum Paket Bildung und Teilhabe eine <span class=\"removed_link\" title=\"http:\/\/www.mais.nrw.de\/08_PDF\/003\/110801_arbeitshilfe_bildungs-teilhabepaket.pdf\">Arbeitshilfe des MAIS-NRW<\/span>, die mittlerweile in der vierten Auflage vorliegt. Die erste Ausgabe erschien aber bereits 2011.<\/p>\n<p>Besonders hervorzuheben sind die Seiten\u00a098 bis 103 und die Seite\u00a0125.<\/p>\n<p>Aus den Seiten\u00a098 bis 103 geht eindeutig hervor, dass die Stadt Essen sp\u00e4testens im Juli 2011 dar\u00fcber informiert war, dass die Mittel aus dem Paket Bildung und Teilhabe zweckbestimmt sind. Und es ihrerseits eine kontinuierliche Dokumentation \u00fcber die Verwendung der Mittel geben muss.<\/p>\n<p>Verdeutlicht wird das noch einmal ab Seite\u00a0125, dort <em>III.\u00a0Voraussetzungen f\u00fcr die Abrechnung der KdU-Beteiligung des Bundes.<\/em><\/p>\n<h4>Skandal &#8211; Du hast Deinen vorl\u00e4ufigen H\u00f6hepunkt erreicht!<\/h4>\n<p>Besonders dreist erscheint die Vorgehensweise der Herren Renzel und Klieve, wenn man es sich einmal bewusst auf der Zunge zergehen l\u00e4sst, dass es bereits seit dem 19.\u00a0M\u00e4rz 2012 einen Runderlass des MAIS NRW zu dem Thema \u00dcbertragung von nicht verbrauchten BuT-Mitteln gibt.<\/p>\n<p>Aus diesem geht eindeutig hervor, dass in einem laufenden Kalenderjahr nicht verbrauchte Mittel aus dem BuT-Paket in das Folgejahr \u00fcbertragen werden m\u00fcssen. Sp\u00e4testens seit diesem Zeitpunkt waren die verantwortlichen Akteure in diesem Skandal dar\u00fcber informiert, dass die \u00dcberf\u00fchrung der Restmittel aus dem Jahr 2011 in den allgemeinen Haushalt zweckentfremdend war. Angesichts dieser Tatsache w\u00e4re es die Verpflichtung der Akteure gewesen, diese Mittel wieder umgehend in das Paket Bildung und Teilhabe zur\u00fcckzuf\u00fchren.<\/p>\n<p>Herr Renzel und Herr Klieve, \u00fcbernehmen Sie endlich Ihre Verantwortung!<\/p>\n<p>Und versuchen Sie nicht l\u00e4nger, die \u00d6ffentlichkeit hier in Essen zu t\u00e4uschen!<\/p>\n","protected":false},"excerpt":{"rendered":"<p>Das Ammenm\u00e4rchen im Essener BuT-Skandal geht weiter Wie wir schon in unserem Artikel Skandal\u00f6se Zust\u00e4nde in Essen beim Paket Bildung und Teilhabe berichteten, schenkten wir den Aussagen der Herren Renzel und Klieve zu diesem unglaublichen Skandal keinen Glauben. So ein Skandal! Wer glaubt noch an den b\u00f6sen Wolf?!? Wie wir&#8230; <a class=\"continue-reading-link\" href=\"http:\/\/www.bg45.de\/index.php\/6134\/skandal-in-essen-bei-but-die-zweite\/\"> Weiterlesen <span class=\"meta-nav\">&rarr; <\/span><\/a><\/p>\n","protected":false},"author":11,"featured_media":0,"comment_status":"open","ping_status":"open","sticky":false,"template":"","format":"standard","meta":{"footnotes":""},"categories":[6],"tags":[178,25,170,66,63,85,61],"class_list":["post-6134","post","type-post","status-publish","format-standard","hentry","category-essen","tag-bildung-und-teilhabe","tag-jobcenter","tag-leistungsberechtigte","tag-nrw","tag-optionskommune","tag-sgb-ii","tag-stadt-essen"],"_links":{"self":[{"href":"http:\/\/www.bg45.de\/index.php\/wp-json\/wp\/v2\/posts\/6134","targetHints":{"allow":["GET"]}}],"collection":[{"href":"http:\/\/www.bg45.de\/index.php\/wp-json\/wp\/v2\/posts"}],"about":[{"href":"http:\/\/www.bg45.de\/index.php\/wp-json\/wp\/v2\/types\/post"}],"author":[{"embeddable":true,"href":"http:\/\/www.bg45.de\/index.php\/wp-json\/wp\/v2\/users\/11"}],"replies":[{"embeddable":true,"href":"http:\/\/www.bg45.de\/index.php\/wp-json\/wp\/v2\/comments?post=6134"}],"version-history":[{"count":25,"href":"http:\/\/www.bg45.de\/index.php\/wp-json\/wp\/v2\/posts\/6134\/revisions"}],"predecessor-version":[{"id":11819,"href":"http:\/\/www.bg45.de\/index.php\/wp-json\/wp\/v2\/posts\/6134\/revisions\/11819"}],"wp:attachment":[{"href":"http:\/\/www.bg45.de\/index.php\/wp-json\/wp\/v2\/media?parent=6134"}],"wp:term":[{"taxonomy":"category","embeddable":true,"href":"http:\/\/www.bg45.de\/index.php\/wp-json\/wp\/v2\/categories?post=6134"},{"taxonomy":"post_tag","embeddable":true,"href":"http:\/\/www.bg45.de\/index.php\/wp-json\/wp\/v2\/tags?post=6134"}],"curies":[{"name":"wp","href":"https:\/\/api.w.org\/{rel}","templated":true}]}}