{"id":564,"date":"2009-02-23T13:21:44","date_gmt":"2009-02-23T11:21:44","guid":{"rendered":"http:\/\/bg45.de\/?p=564"},"modified":"2013-09-13T14:25:03","modified_gmt":"2013-09-13T12:25:03","slug":"keine-abwrackpraemie-bei-hartz4","status":"publish","type":"post","link":"http:\/\/www.bg45.de\/index.php\/564\/keine-abwrackpraemie-bei-hartz4\/","title":{"rendered":"Keine Abwrackpr\u00e4mie bei Hartz4"},"content":{"rendered":"<p>Die Bundesregierung definiert die Abwrackpr\u00e4mie als eine\u00a0<em>Einnahme in Geldeswert<\/em>, berichtet die\u00a0<em>Lausitzer Rundschau<\/em>. Das bedeutet, dass die Pr\u00e4mie mit dem Hartz4-Grundeinkommen verrechnet wird. Die Zeitung beruft sich auf eine Antwort der Bundesregierung auf eine Anfrage der Linksfraktion.<\/p>\n<p><!--more--><\/p>\n<p>Die Abwrackpr\u00e4mie gilt demnach auch dann als\u00a0<em>Einnahme in Geldeswert<\/em>, wenn sie an den Verk\u00e4ufer des Neuwagens abgetreten werde.<\/p>\n<p>Dazu Gregor Gysi, Vorsitzender der Fraktion DIE LINKE:<\/p>\n<h3>Bundesregierung l\u00e4uft nicht mehr rund<\/h3>\n<p>&#8222;Wer Hartz IV-Empfangenden die Abwrackpr\u00e4mie vom Regelsatz abziehen will, hat jeglichen Blick f\u00fcr die soziale Realit\u00e4t im Lande verloren&#8220;, kritisiert der Vorsitzende der Fraktion DIE LINKE, Gregor Gysi, entsprechende Aussagen der Bundesregierung. &#8222;Die Bundesregierung l\u00e4uft nicht mehr rund.&#8220;<\/p>\n<p>Gysi weiter: &#8222;Diese Regelung ist absurd. Damit werden Hartz IV-Empf\u00e4ngerinnen und -Empf\u00e4nger zu Menschen dritter Klasse gestempelt. W\u00e4hrend ihnen einerseits ein Maximum an Mobilit\u00e4t abgefordert wird, sollen sie andererseits am Hungertuch nagen, wenn sie diese Mobilit\u00e4t mit Hilfe der Abwrackpr\u00e4mie gew\u00e4hrleisten wollen. Sie werden gezwungen, mit uralten Benzinschleudern weiterzufahren. Jede beschlossene Verg\u00fcnstigung wird ihnen gestrichen. Wie menschenverachtend muss man denken, um solche Regelungen zu ersinnen? Ich fordere Kanzlerin Merkel und Vizekanzler Steinmeier auf, diesen Irrsinn sofort zu korrigieren.&#8220;<\/p>\n","protected":false},"excerpt":{"rendered":"<p>Die Bundesregierung definiert die Abwrackpr\u00e4mie als eine\u00a0Einnahme in Geldeswert, berichtet die\u00a0Lausitzer Rundschau. Das bedeutet, dass die Pr\u00e4mie mit dem Hartz4-Grundeinkommen verrechnet wird. Die Zeitung beruft sich auf eine Antwort der Bundesregierung auf eine Anfrage der Linksfraktion.<\/p>\n","protected":false},"author":11,"featured_media":0,"comment_status":"open","ping_status":"open","sticky":false,"template":"","format":"standard","meta":{"footnotes":""},"categories":[2],"tags":[20],"class_list":["post-564","post","type-post","status-publish","format-standard","hentry","category-artikel","tag-hartz-iv"],"_links":{"self":[{"href":"http:\/\/www.bg45.de\/index.php\/wp-json\/wp\/v2\/posts\/564","targetHints":{"allow":["GET"]}}],"collection":[{"href":"http:\/\/www.bg45.de\/index.php\/wp-json\/wp\/v2\/posts"}],"about":[{"href":"http:\/\/www.bg45.de\/index.php\/wp-json\/wp\/v2\/types\/post"}],"author":[{"embeddable":true,"href":"http:\/\/www.bg45.de\/index.php\/wp-json\/wp\/v2\/users\/11"}],"replies":[{"embeddable":true,"href":"http:\/\/www.bg45.de\/index.php\/wp-json\/wp\/v2\/comments?post=564"}],"version-history":[{"count":4,"href":"http:\/\/www.bg45.de\/index.php\/wp-json\/wp\/v2\/posts\/564\/revisions"}],"predecessor-version":[{"id":3484,"href":"http:\/\/www.bg45.de\/index.php\/wp-json\/wp\/v2\/posts\/564\/revisions\/3484"}],"wp:attachment":[{"href":"http:\/\/www.bg45.de\/index.php\/wp-json\/wp\/v2\/media?parent=564"}],"wp:term":[{"taxonomy":"category","embeddable":true,"href":"http:\/\/www.bg45.de\/index.php\/wp-json\/wp\/v2\/categories?post=564"},{"taxonomy":"post_tag","embeddable":true,"href":"http:\/\/www.bg45.de\/index.php\/wp-json\/wp\/v2\/tags?post=564"}],"curies":[{"name":"wp","href":"https:\/\/api.w.org\/{rel}","templated":true}]}}