{"id":5605,"date":"2013-09-15T16:10:44","date_gmt":"2013-09-15T14:10:44","guid":{"rendered":"http:\/\/www.bg45.de\/?p=5605"},"modified":"2026-02-06T11:40:14","modified_gmt":"2026-02-06T10:40:14","slug":"aufruf-zur-wahl","status":"publish","type":"post","link":"http:\/\/www.bg45.de\/index.php\/5605\/aufruf-zur-wahl\/","title":{"rendered":"Aufruf zur Wahl"},"content":{"rendered":"\n<h3 class=\"wp-block-heading\">Am 22. September bestimmen wir, durch unsere Wahl, welche Politik im Land gemacht wird<\/h3>\n\n\n\n<p class=\"has-text-align-left\">Mittlerweile ist die Politikverdrossenheit in unserem Land sehr gro\u00df. Was auch verst\u00e4ndlich ist, denn man bekommt immer mehr das Gef\u00fchl, da\u00df sich die Politiker und Parteien von der Wirklichkeit abgekoppelt haben. Man neigt dazu, festzustellen, da\u00df sie keinesfalls mehr auf Volkes Stimme h\u00f6ren wollen.<\/p>\n\n\n\n<!--more-->\n\n\n\n<p class=\"has-text-align-left\">Und genau da k\u00f6nnen wir in unserer Gesamtheit als Bezieher von Leistung nach SGB II und SGB XII ansetzten. Denn wir sind eine nicht zu untersch\u00e4tzende W\u00e4hlermacht.<\/p>\n\n\n\n<p class=\"has-text-align-left\">Bei der anstehenden Bundestagswahl kann man den Eindruck gewinnt, da\u00df wir im wahrsten Sinne des Wortes die Wahl zwischen Pest und Cholera haben. Aber es ist grundfalsch, \u00fcberhaupt nicht w\u00e4hlen zu gehen. Schlie\u00dflich ist das W\u00e4hlen ein demokratisches Grundrecht, welches sich unsere Vorfahren hart erk\u00e4mpft haben. Zudem bedeutet jeder Nichtw\u00e4hler einen proportionalen Gewinn f\u00fcr die etablierten Parteien.<\/p>\n\n\n\n<p class=\"has-text-align-left\">Wir rufen nicht zu der Wahl einer bestimmten Partei auf, denn schlie\u00dflich betrachten wir unseren Verein als parteipolitisch wertneutral.<\/p>\n\n\n\n<p class=\"has-text-align-left\">Aber wer sich \u00fcber die Parteiprogramme der einzelnen Parteien einen genaueren \u00dcberblick verschaffen will, den verweisen wir zu einem an <a href=\"https:\/\/www.gegen-hartz.de\/\" target=\"_blank\" rel=\"noreferrer noopener\">gegen-hartz.de<\/a>. Deren Autoren gilt unser Dank, da sie dazu einen hervorragenden Artikel verfasst haben:<br><a href=\"https:\/\/www.gegen-hartz.de\/news\/hartz-iv-nach-der-bundestagswahl-2013\" target=\"_blank\" rel=\"noreferrer noopener\">Hartz IV nach der Bundestagswahl 2013<\/a><\/p>\n\n\n\n<p class=\"has-text-align-left\">Zum anderen kann man den <span class=\"removed_link\" title=\"http:\/\/www.bpb.de\/politik\/wahlen\/wahl-o-mat\/bundestagswahl-2013\/\">Wahl-O-Mat<\/span> als Hilfe zur Entscheidungsfindung heranziehen. Dort kann man seine Positionen zu 38 Thesen mit denen der Parteien vergleichen. Bei jeder These kann man sich unter <em>stimme zu<\/em>, <em>neutral<\/em> oder <em>stimme nicht zu<\/em> entscheiden. Es werden Thesen wie z.B. zum Mindestlohn, Betreuungsgeld vs. Kitapl\u00e4tze oder zum generellen Tempolimit auf Autobahnen angeboten. Nach den getroffenen Entscheidungen kann man anschlie\u00dfend die Thesen markieren, die einem besonders wichtig sind. Nun kann man bis zu acht Parteien ausw\u00e4hlen, mit denen man sein Meinungsbild vergleichen kann.<\/p>\n\n\n\n<p class=\"has-text-align-left\">Das kann dann zu \u00fcberraschende Einblicke f\u00fchren. Bei meiner Wahl der acht Vergleichsparteien waren nat\u00fcrlich auch die SPD sowie die GR\u00dcNEN dabei. Beide sind f\u00fcr einen Mindestlohn von mindestens 8,50 \u20ac. Dies ist unfreiwillig komisch. Man muss bedenken, das diese Parteien durch ihre Einf\u00fchrung der Agenda 2010 erst die Grundlage daf\u00fcr geschaffen haben, das wir heute \u00fcber die Einf\u00fchrung eines Mindestlohn diskutieren m\u00fcssen. Beim Thema Spitzensteuersatz liegen ebenfalls beide Parteien auf gleicher Linie. Sie sind f\u00fcr eine Anhebung auf 49%. Unterschiede gibt es nur ab welcher Einkommensgrenze dieser greifen soll. Ich verweise auf unseren Artikel <a title=\"Die SPD feiert 10 Jahre Agenda 2010\" href=\"http:\/\/www.bg45.de\/index.php\/5120\/die-spd-feiert-10-jahre-agenda-2010\/\" target=\"_blank\" rel=\"noopener\">Die SPD feiert 10 Jahre Agenda 2010<\/a>, in dem dargelegt wird, das die rot-gr\u00fcne Koalition diesen mal locker auf 42% herabgesetzt hatte. Offensichtlich ist Alzheimer eine Grundvoraussetzung um in der Politik erfolgreich zu sein. Ich hoffe, das die W\u00e4hlerinnen und W\u00e4hler unseres Landes daran nicht leiden.<\/p>\n","protected":false},"excerpt":{"rendered":"<p>Am 22. September bestimmen wir, durch unsere Wahl, welche Politik im Land gemacht wird Mittlerweile ist die Politikverdrossenheit in unserem Land sehr gro\u00df. Was auch verst\u00e4ndlich ist, denn man bekommt immer mehr das Gef\u00fchl, da\u00df sich die Politiker und Parteien von der Wirklichkeit abgekoppelt haben. Man neigt dazu, festzustellen, da\u00df&#8230; <a class=\"continue-reading-link\" href=\"http:\/\/www.bg45.de\/index.php\/5605\/aufruf-zur-wahl\/\"> Weiterlesen <span class=\"meta-nav\">&rarr; <\/span><\/a><\/p>\n","protected":false},"author":8,"featured_media":0,"comment_status":"open","ping_status":"open","sticky":false,"template":"","format":"standard","meta":{"footnotes":""},"categories":[175],"tags":[176],"class_list":["post-5605","post","type-post","status-publish","format-standard","hentry","category-politik","tag-wahl"],"_links":{"self":[{"href":"http:\/\/www.bg45.de\/index.php\/wp-json\/wp\/v2\/posts\/5605","targetHints":{"allow":["GET"]}}],"collection":[{"href":"http:\/\/www.bg45.de\/index.php\/wp-json\/wp\/v2\/posts"}],"about":[{"href":"http:\/\/www.bg45.de\/index.php\/wp-json\/wp\/v2\/types\/post"}],"author":[{"embeddable":true,"href":"http:\/\/www.bg45.de\/index.php\/wp-json\/wp\/v2\/users\/8"}],"replies":[{"embeddable":true,"href":"http:\/\/www.bg45.de\/index.php\/wp-json\/wp\/v2\/comments?post=5605"}],"version-history":[{"count":13,"href":"http:\/\/www.bg45.de\/index.php\/wp-json\/wp\/v2\/posts\/5605\/revisions"}],"predecessor-version":[{"id":11941,"href":"http:\/\/www.bg45.de\/index.php\/wp-json\/wp\/v2\/posts\/5605\/revisions\/11941"}],"wp:attachment":[{"href":"http:\/\/www.bg45.de\/index.php\/wp-json\/wp\/v2\/media?parent=5605"}],"wp:term":[{"taxonomy":"category","embeddable":true,"href":"http:\/\/www.bg45.de\/index.php\/wp-json\/wp\/v2\/categories?post=5605"},{"taxonomy":"post_tag","embeddable":true,"href":"http:\/\/www.bg45.de\/index.php\/wp-json\/wp\/v2\/tags?post=5605"}],"curies":[{"name":"wp","href":"https:\/\/api.w.org\/{rel}","templated":true}]}}