{"id":5373,"date":"2013-09-10T14:20:05","date_gmt":"2013-09-10T12:20:05","guid":{"rendered":"http:\/\/www.bg45.de\/?p=5373"},"modified":"2022-07-08T09:47:56","modified_gmt":"2022-07-08T07:47:56","slug":"neue-eckregelsaetze-fuer-leistungsberechtigte-nach-sgb-ii","status":"publish","type":"post","link":"http:\/\/www.bg45.de\/index.php\/5373\/neue-eckregelsaetze-fuer-leistungsberechtigte-nach-sgb-ii\/","title":{"rendered":"Neue Eckregels\u00e4tze f\u00fcr Leistungsberechtigte nach SGB II"},"content":{"rendered":"<h3 style=\"text-align: left;\">Neue Eckregels\u00e4tze f\u00fcr SBG II-Leistungsberechtigte sind, laut Kabinettsbeschluss, ab 2014 geplant<\/h3>\n<p style=\"text-align: left;\">Gem\u00e4\u00df dem Gesetz zur Regelbedarfsfortschreibung erh\u00f6hen sich die Eckregels\u00e4tze ab dem Kalenderjahr 2014, nach einem aktuellen Kabinettsbeschluss, wie folgt:<\/p>\n<p style=\"text-align: left;\"><!--more--><\/p>\n<table style=\"border-width: 0px;\">\n<tbody>\n<tr>\n<td style=\"border-width: 0px;\">Alleinstehende \/ Alleinerziehende<\/td>\n<td style=\"border-width: 0px;\">391,&#8211; \u20ac (+ 9 \u20ac)<\/td>\n<\/tr>\n<tr>\n<td style=\"border-width: 0px;\">Paare \/ Bedarfsgemeinschaften<\/td>\n<td style=\"border-width: 0px;\">353,&#8211; \u20ac (+ 8 \u20ac)<\/td>\n<\/tr>\n<tr>\n<td style=\"border-width: 0px;\">Erwachsene im Haushalt anderer<\/td>\n<td style=\"border-width: 0px;\">313,&#8211; \u20ac (+ 7 \u20ac) (nur im SGB XII)<\/td>\n<\/tr>\n<tr>\n<td style=\"border-width: 0px;\">Jugendliche von 14 bis unter 18 Jahren<\/td>\n<td style=\"border-width: 0px;\">296,&#8211; \u20ac (+ 7 \u20ac)<\/td>\n<\/tr>\n<tr>\n<td style=\"border-width: 0px;\">Kinder von 6 bis unter 14 Jahren<\/td>\n<td style=\"border-width: 0px;\">261,&#8211; \u20ac (+ 6 \u20ac)<\/td>\n<\/tr>\n<tr>\n<td style=\"border-width: 0px;\">Kinder von 0 bis 6 Jahre<\/td>\n<td style=\"border-width: 0px;\">229,&#8211; \u20ac (+ 5 \u20ac)<\/td>\n<\/tr>\n<\/tbody>\n<\/table>\n<p style=\"text-align: left;\">Entgegen der Publikation in vielen Medien gleicht die Erh\u00f6hung der Eckregels\u00e4tze nicht die tats\u00e4chlichen Mehrkosten der Leistungsbezieher durch die Preissteigerungen aus. Die Publikationen im Mainstream beziehen sich auf den sogenannten\u00a0<em>Statistischen Warenkorb<\/em>. In dem sind viele Positionen enthalten, die sich SGB II-Leistungsbezieher gar nicht leisten k\u00f6nnen, bzw. von ihnen gar nicht gebraucht werden. Schon gar nicht entsprechen sie den t\u00e4glichen Lebensbedingungen der Leistungsberechtigten. Tats\u00e4chlich anzusetzen ist die sogenannte\u00a0<em>gef\u00fchlte Inflation<\/em>, also die Preissteigerungen bei den Grundnahrungsmitteln und den Dingen des t\u00e4glichen Bedarfes. Und diese ist in der letzten Zeit \u00fcberproportional angestiegen, so verteuerten sich z.B. Kartoffeln um 44\u00a0%. Ein weiterer Faktor sind die Preissteigerungen beim Strom.<\/p>\n<p style=\"text-align: left;\">Zudem ist die geplante Erh\u00f6hung der Eckregels\u00e4tze kein <em>Geschenk<\/em> der aktuellen Bundesregierung, sondern eine gesetzlich vorgeschriebene Erh\u00f6hung. Diese mu\u00df allerdings erst noch durch den Bundestag und anschlie\u00dfend durch den Bundesrat beschlossen werden. Das wird aber erst nach der Bundestagswahl am 22. September geschehen. Somit k\u00f6nnen ggf. noch \u00c4nderungen auftreten, je nach dem wie nach der Wahl die Mehrheitsverh\u00e4ltnisse sind.<\/p>\n<h3 style=\"text-align: left;\">\u00dcberpr\u00fcfung der zus\u00e4tzlichen Freibetr\u00e4ge beim P-Konto<\/h3>\n<p style=\"text-align: left;\">Dar\u00fcber hinaus m\u00f6chten wir in diesem Zusammenhang darauf hinweisen, da\u00df Inhaber von P-Konten (Pf\u00e4ndungsschutzkonten) wegen der anstehenden Erh\u00f6hung der Eckregels\u00e4tze ab 2014 \u00fcberpr\u00fcfen sollten, ob alle zus\u00e4tzlichen Freibetr\u00e4ge f\u00fcr das Konto beantragt wurden. Dies betrifft vor allen Dingen Alleinerziehende und Familien mit Kindern.<br \/>\nAktuell wurde zum 1. Juli diesen Jahres der Grund-Pf\u00e4ndungsfreibetrag auf 1.045,04\u00a0\u20ac (bisher: 1.028,89\u00a0\u20ac) pro Kalendermonat erh\u00f6ht.<\/p>\n","protected":false},"excerpt":{"rendered":"<p>Neue Eckregels\u00e4tze f\u00fcr SBG II-Leistungsberechtigte sind, laut Kabinettsbeschluss, ab 2014 geplant Gem\u00e4\u00df dem Gesetz zur Regelbedarfsfortschreibung erh\u00f6hen sich die Eckregels\u00e4tze ab dem Kalenderjahr 2014, nach einem aktuellen Kabinettsbeschluss, wie folgt:<\/p>\n","protected":false},"author":8,"featured_media":0,"comment_status":"open","ping_status":"open","sticky":false,"template":"","format":"standard","meta":{"footnotes":""},"categories":[8],"tags":[171,170,85],"class_list":["post-5373","post","type-post","status-publish","format-standard","hentry","category-aktuelles-artikel","tag-eckregelsaetze","tag-leistungsberechtigte","tag-sgb-ii"],"_links":{"self":[{"href":"http:\/\/www.bg45.de\/index.php\/wp-json\/wp\/v2\/posts\/5373","targetHints":{"allow":["GET"]}}],"collection":[{"href":"http:\/\/www.bg45.de\/index.php\/wp-json\/wp\/v2\/posts"}],"about":[{"href":"http:\/\/www.bg45.de\/index.php\/wp-json\/wp\/v2\/types\/post"}],"author":[{"embeddable":true,"href":"http:\/\/www.bg45.de\/index.php\/wp-json\/wp\/v2\/users\/8"}],"replies":[{"embeddable":true,"href":"http:\/\/www.bg45.de\/index.php\/wp-json\/wp\/v2\/comments?post=5373"}],"version-history":[{"count":24,"href":"http:\/\/www.bg45.de\/index.php\/wp-json\/wp\/v2\/posts\/5373\/revisions"}],"predecessor-version":[{"id":11694,"href":"http:\/\/www.bg45.de\/index.php\/wp-json\/wp\/v2\/posts\/5373\/revisions\/11694"}],"wp:attachment":[{"href":"http:\/\/www.bg45.de\/index.php\/wp-json\/wp\/v2\/media?parent=5373"}],"wp:term":[{"taxonomy":"category","embeddable":true,"href":"http:\/\/www.bg45.de\/index.php\/wp-json\/wp\/v2\/categories?post=5373"},{"taxonomy":"post_tag","embeddable":true,"href":"http:\/\/www.bg45.de\/index.php\/wp-json\/wp\/v2\/tags?post=5373"}],"curies":[{"name":"wp","href":"https:\/\/api.w.org\/{rel}","templated":true}]}}