{"id":5098,"date":"2013-07-11T15:27:51","date_gmt":"2013-07-11T13:27:51","guid":{"rendered":"http:\/\/www.bg45.de\/?p=5098"},"modified":"2014-10-15T15:18:18","modified_gmt":"2014-10-15T13:18:18","slug":"brenda-ein-fall-fur-die-psychiatrie","status":"publish","type":"post","link":"http:\/\/www.bg45.de\/index.php\/5098\/brenda-ein-fall-fur-die-psychiatrie\/","title":{"rendered":"Brenda &#8211; Ein Fall f\u00fcr die Psychiatrie?"},"content":{"rendered":"<h3 style=\"text-align: left;\">Warum Brenda nicht mehr in der Hartz-IV-Statistik auftaucht oder: die elegante Entsorgung eines Problemfalls<\/h3>\n<p style=\"text-align: left;\">Brenda (Name ge\u00e4ndert; Anm. BG45) ist 18 Jahre alt und hat keinen Job.<\/p>\n<h4 style=\"text-align: left;\">Ihre Geschichte<\/h4>\n<p style=\"text-align: left;\">Sie wurde als Schulkind als <em>entwicklungsverz\u00f6gert<\/em> eingestuft. Ihre Mutter konnte verhindern, dass die Kleine in eine Sonderschule abgeschoben wird. Sie absolvierte die Grundschule, wechselte in die Hauptschule. Allerdings: es wurde fr\u00fch deutlich, dass Brenda Konzentrationsschwierigkeiten hat oder anders gesagt: sobald sie sich langweilte, wandte sie sich anderen Dingen zu. Andererseits hat sie eine gro\u00dfe F\u00e4higkeit, die Dinge um sich herum wahrzunehmen.<br \/>\n<!--more--><br \/>\nSie beobachtet andere Menschen und betrachtet ihre Umgebung, nimmt Details wahr, die andere nicht bemerken \u2013 z.B. den ungew\u00f6hnlichen Gang eines Lehrers, dass der Postbote von TNT ein neues Fahrrad hat, dass die Nachbarskatze ein Vogelnest im Baum gegen\u00fcber fixiert. Im Laufe ihrer schulischen Ausbildung lernt Brenda, dass ihre Konzentrationsprobleme von enormer Bedeutung sind, ihre Beobachtungsgabe jedoch v\u00f6llig belanglos. Brenda kommt zu dem Schluss, dass sie so eine Art wandelndes Defizit ist \u2013 einfach zu bl\u00f6d f\u00fcr das richtige Leben. Nach Best\u00e4tigung daf\u00fcr muss sie nicht suchen: sie findet keinen Praktikumsplatz als Floristin (was ihr Traumjob w\u00e4re), sondern landet in einer Ma\u00dfnahme, in der sie Lagerarbeiterin werden k\u00f6nnte. Es gelingt ihr, das gut zu finden. In der Schule erf\u00e4hrt sie von verantwortlichen P\u00e4dagogen, dass \u201esie sich auf ihr Praktikum im Lager einer \u00dcbungsfirma mal nichts einbilden soll, genau wie alle anderen Mitsch\u00fcler k\u00f6nne sie froh sein, wenn sie irgendwann mal bei Primark die Klamotten aufr\u00e4umen d\u00fcrfe\u201c.<\/p>\n<p style=\"text-align: left;\">Als die Schulausbildung f\u00fcr Brenda zu Ende ist \u2013 sie hat ein Zeugnis bekommen, ganz gut abgeschnitten, liegt im oberen Drittel der Klasse, ist Lernen f\u00fcr sie erledigt. Sie geht nicht zur Abschlussfeier \u2013 die letzten Jahre waren keine guten Jahre. Sie hat keine Chance bekommen, und daran wird sich auch nichts \u00e4ndern.<br \/>\nBrenda verlagert ihren Lebensmittelpunkt auf das Sofa vor dem TV-Ger\u00e4t, wird zur Stammkundin bei Talkshows bei RTL II und erf\u00e4hrt dort immerhin, dass es noch \u00fcbler zugehen kann als in ihrem Leben. Aufstehen mittags gegen 12.00, Schminken, gegen 15.00 Uhr den Freund treffen, der unter \u00e4hnlichen Bedingungen lebt, nur dass dazu kommt, das seine Mutter alkoholkrank ist und ihren Sohn manchmal einl\u00e4dt, doch einen Schluck mit ihr zu trinken.<\/p>\n<p style=\"text-align: left;\">Doch so ganz will Brenda nicht aufgeben. Sie k\u00e4mpft um eine neue F\u00f6rderma\u00dfnahme. Und bekommt sie. Dort wird sie zum ersten Mal mit Gewalt konfrontiert und selbst mit einem Messer bedroht. Die st\u00e4dtische F\u00f6rdereinrichtung reagiert auf Anfragen der Mutter mit dem Hinweis, \u201eBrenda sei v\u00f6llig \u00fcberspannt, und Jugendliche seien halt manchmal etwas robuster im Umgang miteinander, das d\u00fcrfe man nicht zu ernst nehmen\u201c. Das M\u00e4dchen hat Angst, weiter an der Ma\u00dfnahme teilzunehmen und spricht beim Amt vor. Dort bekommt sie einen neuen Platz f\u00fcr ein Praktikum in einem Laden der EABG. Sie kommt dort nicht zurecht, denn niemand erkl\u00e4rt ihr, was sie machen soll und wie der Laden insgesamt funktioniert, sie steht rum und f\u00fchlt sich nur noch mies und \u00fcberfl\u00fcssig. Der Eindruck, dass Brenda einfach bl\u00f6d ist, verst\u00e4rkt sich offenbar f\u00fcr das Amt und viel schlimmer: f\u00fcr Brenda selbst.<\/p>\n<p style=\"text-align: left;\">Brenda tut das, was ihr schon einmal die Angst vor dem Leben so ein bisschen vertreiben konnte: R\u00fcckzug aufs Sofa, ab vor den Fernseher.<br \/>\nDas Jobcenter kommt zu dem Schluss, dass mit der jungen Frau etwas nicht stimmt und der Weisheit letzter Schluss: Brenda soll zum Psychiater gehen, der soll begutachten, was mit ihr los ist.<\/p>\n<p style=\"text-align: left;\">Und endlich: nach 45 Minuten hat der Mann Klarheit \u00fcber Brenda! Die \u00c4rmste leidet unter Depressionen und denen kann man doch mit Medikamenten auf den Pelz r\u00fccken! Also gibt\u2019s eine Krankschreibung und ein Rezept \u00fcber Trimipramin. Die Tagesdosis kann langsam bis auf 150 mg gesteigert werden. Danach werden sich die Bedingungen f\u00fcr Brenda nicht ver\u00e4ndert haben \u2013 aber immerhin, es wird ihr schei\u00dfegal sein!<\/p>\n<h3 style=\"text-align: left;\">Brendas Geschichte ist kein unglaublicher Vorfall, sondern allt\u00e4glich<\/h3>\n<p style=\"text-align: left;\">Die Geschichte von Brenda ist noch viel l\u00e4nger und die K\u00e4mpfe, die ihre Mutter mit dem Jobcenter auszufechten hatte und hat, f\u00fcllen Aktenordner. Klar ist bislang: eine junge Frau, die schlechte Ausgangsbedingungen hatte, wird diesen Kreislauf aus Neuanfang und prompt folgender Frustration nicht mehr lange aushalten. Sie ist auf dem Weg ins soziale Aus und wird dabei von Amts wegen unterst\u00fctzt. Und genau das macht ihre Geschichte zu mehr als einem bedauerlichen Einzelschicksal.<br \/>\nIn wie vielen Akten mag der Vermerk stehen \u201eVorsicht! Querulant! Mal zum Amtsarzt schicken!\u201c<\/p>\n<p style=\"text-align: left;\"><strong>Wir \u00fcberlegen, zu diesem Thema eine Veranstaltung durchzuf\u00fchren. Dazu w\u00fcrden wir bereits jetzt gerne von Euren Erfahrungen in dieser Richtung profitieren, damit wir die richtigen ExpertInnen zum Thema an Bord holen k\u00f6nnen und die richtigen Fragen auch richtig beantworten und \u00fcber geeignete Ma\u00dfnahmen gemeinsam nachdenken k\u00f6nnen. Denn: wir sind Hartz-IV-Berechtigte und keine F\u00e4lle f\u00fcr die Psychiatrie\u2026!<\/strong><\/p>\n","protected":false},"excerpt":{"rendered":"<p>Warum Brenda nicht mehr in der Hartz-IV-Statistik auftaucht oder: die elegante Entsorgung eines Problemfalls Brenda (Name ge\u00e4ndert; Anm. BG45) ist 18 Jahre alt und hat keinen Job. Ihre Geschichte Sie wurde als Schulkind als entwicklungsverz\u00f6gert eingestuft. Ihre Mutter konnte verhindern, dass die Kleine in eine Sonderschule abgeschoben wird. Sie absolvierte&#8230; <a class=\"continue-reading-link\" href=\"http:\/\/www.bg45.de\/index.php\/5098\/brenda-ein-fall-fur-die-psychiatrie\/\"> Weiterlesen <span class=\"meta-nav\">&rarr; <\/span><\/a><\/p>\n","protected":false},"author":11,"featured_media":0,"comment_status":"open","ping_status":"open","sticky":false,"template":"","format":"standard","meta":{"footnotes":""},"categories":[2],"tags":[118],"class_list":["post-5098","post","type-post","status-publish","format-standard","hentry","category-artikel","tag-diskriminierung"],"_links":{"self":[{"href":"http:\/\/www.bg45.de\/index.php\/wp-json\/wp\/v2\/posts\/5098","targetHints":{"allow":["GET"]}}],"collection":[{"href":"http:\/\/www.bg45.de\/index.php\/wp-json\/wp\/v2\/posts"}],"about":[{"href":"http:\/\/www.bg45.de\/index.php\/wp-json\/wp\/v2\/types\/post"}],"author":[{"embeddable":true,"href":"http:\/\/www.bg45.de\/index.php\/wp-json\/wp\/v2\/users\/11"}],"replies":[{"embeddable":true,"href":"http:\/\/www.bg45.de\/index.php\/wp-json\/wp\/v2\/comments?post=5098"}],"version-history":[{"count":22,"href":"http:\/\/www.bg45.de\/index.php\/wp-json\/wp\/v2\/posts\/5098\/revisions"}],"predecessor-version":[{"id":5576,"href":"http:\/\/www.bg45.de\/index.php\/wp-json\/wp\/v2\/posts\/5098\/revisions\/5576"}],"wp:attachment":[{"href":"http:\/\/www.bg45.de\/index.php\/wp-json\/wp\/v2\/media?parent=5098"}],"wp:term":[{"taxonomy":"category","embeddable":true,"href":"http:\/\/www.bg45.de\/index.php\/wp-json\/wp\/v2\/categories?post=5098"},{"taxonomy":"post_tag","embeddable":true,"href":"http:\/\/www.bg45.de\/index.php\/wp-json\/wp\/v2\/tags?post=5098"}],"curies":[{"name":"wp","href":"https:\/\/api.w.org\/{rel}","templated":true}]}}