{"id":4534,"date":"2013-05-26T16:34:51","date_gmt":"2013-05-26T14:34:51","guid":{"rendered":"http:\/\/www.bg45.de\/?p=4534"},"modified":"2013-12-09T16:51:18","modified_gmt":"2013-12-09T15:51:18","slug":"waehlen-berlin-september-2013","status":"publish","type":"post","link":"http:\/\/www.bg45.de\/index.php\/4534\/waehlen-berlin-september-2013\/","title":{"rendered":"W\u00e4hlen! Berlin September 2013, Essen und Europa 2014"},"content":{"rendered":"<h2>W\u00e4hlen gehen und 150 Jahre Spezialdemokratie<\/h2>\n<h4>Sehr geehrtes Wahlamt im Stadtamt 12!<\/h4>\n<p>Ich hoffe, Du hattest ein sch\u00f6nes Pfingstfest und auch noch ein paar Tage der Erholung. Ich war ger\u00fchrt von Deiner pers\u00f6nlich gehaltenen Post nach Ostern, wenn auch nur der schn\u00f6de Wunsch dahintersteckte, dass ich mir wieder einmal mit anderen freiwilligen Helfern einen ganzen Sonntag im September 2013 um die Ohren schlage, damit die B\u00fcrgerinnen und B\u00fcrger dieser Stadt ihre Stimme abgeben k\u00f6nnen und dieses Mal in Berlin vielleicht endlich alles anders wird. Sei&#8217;s drum. Meine eing\u00e4nglichen W\u00fcnsche kommen von Herzen, liebes Wahlamt!<\/p>\n<p><!--more--><\/p>\n<h2>Spezialdemokraten unter sich<\/h2>\n<p>Vadder Gabriel hat Mutti Merkel ja auf der 150-Jahre-Spezialdemokraten-Feier schon irrt\u00fcmlich (oder sehns\u00fcchtig) zur Bundespr\u00e4sidentin gemacht. Also h\u00e4tte sie ja nach dem 22. 09. 2013 eine Aufgabe, auf die sie sich in aller Ruhe vorbereiten kann. Wir, das Volk der W\u00e4hlenden, k\u00f6nnen sie also guten Gewissens ziehen lassen. Und Gerhard Schr\u00f6der wurde von Sigmar Gabriel gestern kurz pers\u00f6nlich angesprochen und war sofort &#8222;ger\u00fchrt&#8220;. Vadder Gabriel nannte ihn einen Mann aus einfachen Verh\u00e4ltnissen. Was Menschen alles vergessen k\u00f6nnen, ist erstaunlich, fatal und kann zu Agendenbildung f\u00fchren. Da er nun aus dem Gr\u00f6bsten raus ist und seit l\u00e4ngerem erfolgreich in Gas macht, h\u00e4lt sich unsere Solidarit\u00e4t auch mit ihm, einem Genossen der Bosse, in Grenzen. Aber ich schweife ab.<\/p>\n<p>Liebes Wahlamt, bevor ich nun zusage, dass ich am 22. 09. wieder dabei bin, m\u00f6chte ich noch kurz erw\u00e4hnen, warum ich mich im Grunde meines Herzens wieder auf diesen Septembersonntag freue: Es werden Menschen das Wahllokal betreten, die allen Ernstes fragen, ob sie f\u00fcr ihre Gattin mitw\u00e4hlen k\u00f6nnten, da diese z. Zt. unp\u00e4sslich sei. Auf unsere energische Ablehnung hin argumentiert er dagegen, er wisse eh, was diese w\u00e4hle. Es werden sich auch wieder W\u00e4hler finden, die, schon in der Wahlkabine sitzend laut ihr Ehegespons fragen, wo denn noch mal das Kreuzchen zu machen sei. Am Ende dieses langen Tages werden wir Stimmzettel entfalten, auf denen nichts angekreuzt wurde oder zu viel. Egal. Wir machen das irgendwo ja auch gern, liebes Wahlamt.<\/p>\n<h2>Progressive. Alliance. Wat??<\/h2>\n<p>Vielleicht kann ich mich sogar dazu durchringen, auch im n\u00e4chsten Jahr einen Sonntag f\u00fcr Dich zu er\u00fcbrigen, weil dann eine Doppelwahl stattfinden wird, deren Wahlkandidaten samt ihren Anliegen auf wenig Interesse sto\u00dfen k\u00f6nnten. Gleichwohl, am 25. 05. 2014 sind wir alle dazu aufgerufen, kommunal und europ\u00e4isch zu w\u00e4hlen. Und wir tun das nat\u00fcrlich! Wir blicken dann sowohl auf unser Stadtparlament im hohen Rathaus zu Essen als auch auf die reisenden Abgeordneten in Br\u00fcssel, Stra\u00dfburg oder Luxemburg. Je nach dem, wo sie gerade tagen. Deren Pr\u00e4sident ist ja im Moment auch ein Spezialdemokrat, aus der Fraktion der Progressiven Allianz der Sozialdemokraten im Europ\u00e4ischen Parlament. Nein, liebes Wahlamt, das habe ich n i c h t erfunden. Dazu fehlt mir die Phantasie. Aber als Beweis, dass ich lesen kann:<br \/>\n<a href=\"https:\/\/de.wikipedia.org\/wiki\/Fraktion_der_Progressiven_Allianz_der_Sozialdemokraten_im_Europ%C3%A4ischen_Parlament\" target=\"_blank\" rel=\"noopener\">Fraktion der Progressiven Allianz der Sozialdemokraten im Europ\u00e4ischen Parlament<\/a><\/p>\n<p>(Dieses S&amp;D auf deren Seite erinnert mich an ein K\u00fcchentuch, das war dick&amp;durstig.) Und damit der geneigte Leser vollends verwirrt wird, wurde am 22. Mai auch noch eine &#8222;Progressive Alliance&#8220; gegr\u00fcndet, als Alternative zur Sozialistischen Internationalen, also weltweit. Ich zitiere mit Freuden Heribert Prantl aus der S\u00fcddeutschen Zeitung:<\/p>\n<blockquote><p>&#8222;Wenn es um den &#8218;Sozialismus&#8216; geht, geben sich die Sozialdemokraten genierlich. Jetzt gr\u00fcnden sie einen Verein mit dem nichtssagend prahlerischen Namen &#8218;Progressive Allianz&#8216;. Was will die SPD mit diesem verdrucksten Produkt?&#8220;<\/p><\/blockquote>\n<p>Wer ihn weiterlesen mag: <a title=\"SPD und Sozialistische Internationale\" href=\"http:\/\/www.sueddeutsche.de\/politik\/spd-und-sozialistische-internationale-auf-distanz-zur-tradition-1.1678746\" target=\"_blank\" rel=\"noopener\">SPD und Sozialistische Internationale<\/a><\/p>\n<p>Ich glaube ja, dass sich diesen Namen irgendjemand ausgedacht hat, der mit dem Ausdenken schlechter Namen richtig gutes Geld verdient.<\/p>\n<p>Der Begriff \u201eSpezialdemokraten\u201c stammt leider auch nicht von mir. Das gebe ich gern zu. Aber er gef\u00e4llt mir.<\/p>\n<p>Deshalb zum guten Schluss, aber dennoch wichtig: Was ich, geehrtes Wahlamt, sehr an Dir sch\u00e4tze: Du bist so ganz anders, wenn Du Dich an uns wendest, pers\u00f6nlich, freundlich, nett. Und deshalb komme ich Dir auch gern entgegen. Und helfe, wo ich kann, wenn es ums W\u00e4hlen geht.<\/p>\n<h2>Das Stadtamt 56 und sein Ton<\/h2>\n<p>Weil ich gerade dabei bin, k\u00f6nntest Du vielleicht Deinen Kollegen vom Stadtamt 56 ein bisschen unter die Arme greifen und ihnen beim Abfassen der Briefpost behilflich sein?! Irgendwie bekommen die Armen dort immer nur das Letzte aus dem Textbausteinkasten ab und erschrecken und \u00e4rgern uns Lesende regelm\u00e4\u00dfig mit W\u00f6rtern wie Sanktionen, K\u00fcrzung, grobe Fahrl\u00e4ssigkeit. Der Ton macht doch die Musik und Ihr habt&#8217;s schlie\u00dflich auch begriffen, das Grundprinzip jeglicher Kommunikation: Die Botschaft einer Nachricht bestimmt der Empf\u00e4nger. Und der m\u00f6chte nicht regelm\u00e4\u00dfig kriminalisiert werden, wenn es ums F\u00f6rdern und Fordern geht. Er ist n\u00e4mlich immer noch stolz, ein Souver\u00e4n zu sein. Er l\u00e4sst sich den Schneid nicht so schnell abkaufen. Sondern w\u00e4hlt im n\u00e4chsten Jahr ein neues Optionskommunalparlament.<\/p>\n","protected":false},"excerpt":{"rendered":"<p>W\u00e4hlen gehen und 150 Jahre Spezialdemokratie Sehr geehrtes Wahlamt im Stadtamt 12! Ich hoffe, Du hattest ein sch\u00f6nes Pfingstfest und auch noch ein paar Tage der Erholung. Ich war ger\u00fchrt von Deiner pers\u00f6nlich gehaltenen Post nach Ostern, wenn auch nur der schn\u00f6de Wunsch dahintersteckte, dass ich mir wieder einmal mit&#8230; <a class=\"continue-reading-link\" href=\"http:\/\/www.bg45.de\/index.php\/4534\/waehlen-berlin-september-2013\/\"> Weiterlesen <span class=\"meta-nav\">&rarr; <\/span><\/a><\/p>\n","protected":false},"author":11,"featured_media":0,"comment_status":"open","ping_status":"open","sticky":false,"template":"","format":"standard","meta":{"footnotes":""},"categories":[2],"tags":[105],"class_list":["post-4534","post","type-post","status-publish","format-standard","hentry","category-artikel","tag-spd"],"_links":{"self":[{"href":"http:\/\/www.bg45.de\/index.php\/wp-json\/wp\/v2\/posts\/4534","targetHints":{"allow":["GET"]}}],"collection":[{"href":"http:\/\/www.bg45.de\/index.php\/wp-json\/wp\/v2\/posts"}],"about":[{"href":"http:\/\/www.bg45.de\/index.php\/wp-json\/wp\/v2\/types\/post"}],"author":[{"embeddable":true,"href":"http:\/\/www.bg45.de\/index.php\/wp-json\/wp\/v2\/users\/11"}],"replies":[{"embeddable":true,"href":"http:\/\/www.bg45.de\/index.php\/wp-json\/wp\/v2\/comments?post=4534"}],"version-history":[{"count":75,"href":"http:\/\/www.bg45.de\/index.php\/wp-json\/wp\/v2\/posts\/4534\/revisions"}],"predecessor-version":[{"id":8319,"href":"http:\/\/www.bg45.de\/index.php\/wp-json\/wp\/v2\/posts\/4534\/revisions\/8319"}],"wp:attachment":[{"href":"http:\/\/www.bg45.de\/index.php\/wp-json\/wp\/v2\/media?parent=4534"}],"wp:term":[{"taxonomy":"category","embeddable":true,"href":"http:\/\/www.bg45.de\/index.php\/wp-json\/wp\/v2\/categories?post=4534"},{"taxonomy":"post_tag","embeddable":true,"href":"http:\/\/www.bg45.de\/index.php\/wp-json\/wp\/v2\/tags?post=4534"}],"curies":[{"name":"wp","href":"https:\/\/api.w.org\/{rel}","templated":true}]}}