{"id":2641,"date":"2013-03-13T22:04:24","date_gmt":"2013-03-13T22:04:24","guid":{"rendered":"http:\/\/bg45.de\/?p=2641"},"modified":"2013-09-17T19:00:57","modified_gmt":"2013-09-17T17:00:57","slug":"zum-jubilaum-der-agenda-2010","status":"publish","type":"post","link":"http:\/\/www.bg45.de\/index.php\/2641\/zum-jubilaum-der-agenda-2010\/","title":{"rendered":"Zum Jubil\u00e4um der Agenda 2010"},"content":{"rendered":"<h3>Rot\/Gr\u00fcn kann voller Stolz zur\u00fcckblicken auf erfolgreiche Jahre der Agenda 2010<\/h3>\n<p>Im Jahr 2003 verabschiedet, erblickte die Arbeitsmarktreform\u00a0mit dem Sozialgesetzbuch\u00a0II (Hartz4) am 1. Januar 2005 das Licht der Welt und stellte damit die Menschenw\u00fcrde in den Schatten.\u00a0<em>Die W\u00fcnsche der Wirtschaft sind unantastbar<\/em> war endlich begriffen. Die Ziele sind erreicht, Hartz4 war ein voller Erfolg.\u00a0Leiharbeit und\u00a0 Niedriglohnsektor hatten endlich die Chance sich auf dem Arbeitsmarkt\u00a0zu etablieren. Es steht nirgendwo geschrieben, der Mensch m\u00fcsse von seiner Arbeit auch leben k\u00f6nnen.<!--more--><\/p>\n<p>Auch dieses h\u00e4ssliche Solidarit\u00e4tsgequatsche ist vom Tisch, die Spaltung in Erwerbst\u00e4tige und H\u00e4ngemattendekadenzler ist gelungen. Der Sanktionsparagraph im SGB II, &#8211; der geniale Schachzug schlechthin &#8211; l\u00e4sst ein Gespenst umgehen in Deutschland, die Angst. Angst vor dem Arbeitsplatzverlust, ist der schon verloren, die Angst davor\u00a0ab der zweiten Woche im Monat hungern zu m\u00fcssen. Gut so. Die Bundestagswahl steht vor der T\u00fcr, die SPD blinkt wieder links. Geschickter Weise kann so im Kampf gegen arme Menschen die\u00a0\u00a0Altersarmut\u00a0zum Beispiel als Kollateralschaden verkauft werden. So war das alles nicht gemeint, da \u00e4ndern wir was. Ref\u00f6rmchen. Alles wird gut. T\u00e4uschen, Tarnen und Davonschleichen\u00a0haben sich zu \u00a0unverr\u00fcckbaren Werten der neuen liberalen\u00a0Leitkultur gemausert. Und nach der Wahl?\u00a0\u00a0Links blinken, rechts abbiegen. Was k\u00fcmmert mich mein Geschw\u00e4tz von gestern.<\/p>\n","protected":false},"excerpt":{"rendered":"<p>Rot\/Gr\u00fcn kann voller Stolz zur\u00fcckblicken auf erfolgreiche Jahre der Agenda 2010 Im Jahr 2003 verabschiedet, erblickte die Arbeitsmarktreform\u00a0mit dem Sozialgesetzbuch\u00a0II (Hartz4) am 1. Januar 2005 das Licht der Welt und stellte damit die Menschenw\u00fcrde in den Schatten.\u00a0Die W\u00fcnsche der Wirtschaft sind unantastbar war endlich begriffen. Die Ziele sind erreicht, Hartz4&#8230; <a class=\"continue-reading-link\" href=\"http:\/\/www.bg45.de\/index.php\/2641\/zum-jubilaum-der-agenda-2010\/\"> Weiterlesen <span class=\"meta-nav\">&rarr; <\/span><\/a><\/p>\n","protected":false},"author":11,"featured_media":0,"comment_status":"open","ping_status":"open","sticky":false,"template":"","format":"standard","meta":{"footnotes":""},"categories":[8],"tags":[127],"class_list":["post-2641","post","type-post","status-publish","format-standard","hentry","category-aktuelles-artikel","tag-agenda-2010"],"_links":{"self":[{"href":"http:\/\/www.bg45.de\/index.php\/wp-json\/wp\/v2\/posts\/2641","targetHints":{"allow":["GET"]}}],"collection":[{"href":"http:\/\/www.bg45.de\/index.php\/wp-json\/wp\/v2\/posts"}],"about":[{"href":"http:\/\/www.bg45.de\/index.php\/wp-json\/wp\/v2\/types\/post"}],"author":[{"embeddable":true,"href":"http:\/\/www.bg45.de\/index.php\/wp-json\/wp\/v2\/users\/11"}],"replies":[{"embeddable":true,"href":"http:\/\/www.bg45.de\/index.php\/wp-json\/wp\/v2\/comments?post=2641"}],"version-history":[{"count":6,"href":"http:\/\/www.bg45.de\/index.php\/wp-json\/wp\/v2\/posts\/2641\/revisions"}],"predecessor-version":[{"id":5751,"href":"http:\/\/www.bg45.de\/index.php\/wp-json\/wp\/v2\/posts\/2641\/revisions\/5751"}],"wp:attachment":[{"href":"http:\/\/www.bg45.de\/index.php\/wp-json\/wp\/v2\/media?parent=2641"}],"wp:term":[{"taxonomy":"category","embeddable":true,"href":"http:\/\/www.bg45.de\/index.php\/wp-json\/wp\/v2\/categories?post=2641"},{"taxonomy":"post_tag","embeddable":true,"href":"http:\/\/www.bg45.de\/index.php\/wp-json\/wp\/v2\/tags?post=2641"}],"curies":[{"name":"wp","href":"https:\/\/api.w.org\/{rel}","templated":true}]}}