{"id":2399,"date":"2013-01-10T22:51:37","date_gmt":"2013-01-10T22:51:37","guid":{"rendered":"http:\/\/bg45.de\/?p=2399"},"modified":"2013-09-13T11:26:56","modified_gmt":"2013-09-13T09:26:56","slug":"nicht-nur-borbeck","status":"publish","type":"post","link":"http:\/\/www.bg45.de\/index.php\/2399\/nicht-nur-borbeck\/","title":{"rendered":"Nicht nur Borbeck"},"content":{"rendered":"<h3>Die Situation im JobCenter Borbeck, wirft viele Fragen auf<\/h3>\n<p>\u00dcber die desastr\u00f6sen Zust\u00e4nde in der Optionskommune ist in 2012 viel berichtet worden, von den Leistungsberechtigten, in der Lokalpresse, auf dieser Seite. Die Emp\u00f6rung bleibt banaler Alltag. Und zwar solange bis sich mehr Menschen zusammenfinden und \u00c4nderungen erreichen wollen. Das JobCenter Borbeck war f\u00fcr die BG45 wieder einmal Anlass, Unterst\u00fctzung zu suchen und in der\u00a0Politik zu finden.\u00a0Geh\u00f6rt wurden wir von der Ratsfraktion DIE LINKE.<\/p>\n<p><!--more--><\/p>\n<p>Zur Personalsituation im JobCenter stellte die Fraktion DIE LINKE in der letzten Ratssitzung im Dezember 2012 folgende Anfrage: <em>Personalsituation FB56 \/ JobCenter Essen<\/em><\/p>\n<p><em>1. Wie viele MitarbeiterInnen sollten laut Stellenplan am 6.12.2012 im JobCenter Borbeck eingesetzt werden?<\/em><\/p>\n<p><em>2. Wie viele MitarbeiterInnen des JobCenters Borbeck waren zum 6.12.2012 krank gemeldet, f\u00fcr anderweitige T\u00e4tigkeiten abgezogen (Bearbeitung BuT-Antr\u00e4ge etc.) oder in Urlaub \u2013 bitte aufgeschl\u00fcsselt nach Abteilungen<\/em><em>.<\/em><\/p>\n<p><em>3.\u00a0Wie viele Stellen im JobCenter Borbeck waren zum 6.12.2012 unbesetzt? <\/em><em>Falls ja, seit wann sind diese unbesetzt und in welchem Zeitraum werden sie wiederbesetzt?<\/em><\/p>\n<p><em>4. F\u00fcr wie viele Bedarfsgemeinschaften sind die einzelnen JobCenter jeweils zust\u00e4ndig, wie ist die jeweilige personelle Ausstattung?<\/em><br \/>\n<em>Hans Peter Leymann-Kurtz <\/em><\/p>\n<p>(Fraktionsvorsitzender \/ Anmerkung der Redaktion)<\/p>\n<p>Die Verwaltung muss und wird diese Fragen beantworten, wann das sein wird, ist noch ungewiss. Aber, wir werden berichten. In der B\u00fcrgerfragestunde der Bezirksvertretersitzung, auch im Dezember 2012, im Bezirk IV (Borbeck) hat eine besorgte B\u00fcrgerin folgende Fragen gestellt:<\/p>\n<p><em>Hat am 04.12.12 im JobCenter Borbeck eine Schulung f\u00fcr die Mitarbeiter in der Leistungsabteilung stattgefunden?<\/em><br \/>\n<em>Wenn ja, warum gab es keine \u00f6ffentliche Bekanntgabe oder einen Aushang?<\/em><br \/>\n<em>Wie viele Mitarbeiter in der Leistungsabteilung waren am 05.12.12 im Dienst?<\/em><br \/>\n<em>Wie viele Mitarbeiter in der Leistungsabteilung waren im Krankenstand?<\/em><br \/>\n<em>Wie viele Kunden entfallen im Dezember 12 auf einen Sachbearbeiter in der Leistungsabteilung?<\/em><br \/>\n<em><\/em><\/p>\n<p><em>Begr\u00fcndung:<\/em><br \/>\n<em>In der Sozialberatung (freitags in SoFa e.V.) und in der Begleitung von in Borbeck lebenden Leistungsberechtigten (nach dem SGB II) zum JobCenter, musste ich im Dezember die Erfahrung machen, dass keine Terminvergabe mehr m\u00f6glich war, um wichtige Fragen zur Leistungsberechnung kl\u00e4ren zu k\u00f6nnen.<\/em><em>Die Mitarbeiter im Service geben sich die gr\u00f6\u00dfte M\u00fche, aber es finden keine Berichtigungen und korrigierte Zahlungsanweisungen statt.<\/em><em>Meine gro\u00dfe Bef\u00fcrchtung ist, dass der oberste Dienstherr der st\u00e4dtischen Verwaltung seiner F\u00fcrsorgepflicht gegen\u00fcber seinen Mitarbeitern im JobCenter Borbeck nicht nachkommt.<\/em><\/p>\n<p>Die Verwaltung muss und wird diese Fragen&#8230; Die Mitarbeiter des JobCenters sollten mit den Erwerbslosenvertretungen zusammenarbeiten. Oder, besser doch nicht?<\/p>\n","protected":false},"excerpt":{"rendered":"<p>Die Situation im JobCenter Borbeck, wirft viele Fragen auf \u00dcber die desastr\u00f6sen Zust\u00e4nde in der Optionskommune ist in 2012 viel berichtet worden, von den Leistungsberechtigten, in der Lokalpresse, auf dieser Seite. Die Emp\u00f6rung bleibt banaler Alltag. Und zwar solange bis sich mehr Menschen zusammenfinden und \u00c4nderungen erreichen wollen. Das JobCenter&#8230; <a class=\"continue-reading-link\" href=\"http:\/\/www.bg45.de\/index.php\/2399\/nicht-nur-borbeck\/\"> Weiterlesen <span class=\"meta-nav\">&rarr; <\/span><\/a><\/p>\n","protected":false},"author":11,"featured_media":0,"comment_status":"open","ping_status":"open","sticky":false,"template":"","format":"standard","meta":{"footnotes":""},"categories":[6],"tags":[25],"class_list":["post-2399","post","type-post","status-publish","format-standard","hentry","category-essen","tag-jobcenter"],"_links":{"self":[{"href":"http:\/\/www.bg45.de\/index.php\/wp-json\/wp\/v2\/posts\/2399","targetHints":{"allow":["GET"]}}],"collection":[{"href":"http:\/\/www.bg45.de\/index.php\/wp-json\/wp\/v2\/posts"}],"about":[{"href":"http:\/\/www.bg45.de\/index.php\/wp-json\/wp\/v2\/types\/post"}],"author":[{"embeddable":true,"href":"http:\/\/www.bg45.de\/index.php\/wp-json\/wp\/v2\/users\/11"}],"replies":[{"embeddable":true,"href":"http:\/\/www.bg45.de\/index.php\/wp-json\/wp\/v2\/comments?post=2399"}],"version-history":[{"count":3,"href":"http:\/\/www.bg45.de\/index.php\/wp-json\/wp\/v2\/posts\/2399\/revisions"}],"predecessor-version":[{"id":4297,"href":"http:\/\/www.bg45.de\/index.php\/wp-json\/wp\/v2\/posts\/2399\/revisions\/4297"}],"wp:attachment":[{"href":"http:\/\/www.bg45.de\/index.php\/wp-json\/wp\/v2\/media?parent=2399"}],"wp:term":[{"taxonomy":"category","embeddable":true,"href":"http:\/\/www.bg45.de\/index.php\/wp-json\/wp\/v2\/categories?post=2399"},{"taxonomy":"post_tag","embeddable":true,"href":"http:\/\/www.bg45.de\/index.php\/wp-json\/wp\/v2\/tags?post=2399"}],"curies":[{"name":"wp","href":"https:\/\/api.w.org\/{rel}","templated":true}]}}