{"id":2166,"date":"2012-11-14T07:17:26","date_gmt":"2012-11-14T07:17:26","guid":{"rendered":"http:\/\/bg45.de\/?p=2166"},"modified":"2013-05-27T16:45:16","modified_gmt":"2013-05-27T14:45:16","slug":"aktuelles-zu-von-der-leiden-ii","status":"publish","type":"post","link":"http:\/\/www.bg45.de\/index.php\/2166\/aktuelles-zu-von-der-leiden-ii\/","title":{"rendered":"Aktuelles zu Von-der-Leiden II"},"content":{"rendered":"<h3>Von-der-Leiden geht in die n\u00e4chste Runde. Neues Rekordhoch bei den Sanktionen<\/h3>\n<p>Laut einer am 12.11.12 ver\u00f6ffentlichten <a href=\"http:\/\/biaj.de\/images\/stories\/2012-11-12_eine-million-sanktionen-hartz-iv-bmas-von-der-leyen.pdf\" target=\"_blank\" rel=\"noopener\">Statistik <\/a>des Bremer Institutes f\u00fcr Arbeitsmarktforschung und Jugendberufshilfe e.V. (BIAJ), hat unsere Bundesministerin f\u00fcr Arbeit und Soziales, Frau Ursula von der Leyen (CDU), scheinbar ihr schon l\u00e4nger angek\u00fcndigtes erstes Teilziel bei der endg\u00fcltigen Unterdr\u00fcckung der SBG II-Leistungsbezieher und Ausheblung s\u00e4mtlicher B\u00fcrger- und Menschenrechte erreicht.<\/p>\n<p><!--more--><\/p>\n<p>Denn erstmals wurden bundesweit im Laufe eines Jahres mehr als 1 Millionen Sanktionen im SGB II-Leistungsbereich neu verh\u00e4ngt.<\/p>\n<p>Bezeichnend f\u00fcr die Essener Verh\u00e4ltnisse dabei ist, dass es die Stadt Essen nicht geschafft hat, die aktuellen Zahlen f\u00fcr das Jahr 2012 an die Bundesagentur f\u00fcr Arbeit zu melden. Legt man nun die <a href=\"http:\/\/dipbt.bundestag.de\/dip21\/btd\/17\/093\/1709335.pdf\" target=\"_blank\" rel=\"noopener\">offiziellen Zahlen <\/a>der Bundesregierung zugrunde, nach welchen im Jahr 2011 im Jahresdurchschnitt rund 6,353 Millionen Personen Leistungen nach dem SGB II erhielten [Quelle: Drucksache 17\/9335 Deutscher Bundestag \u2013 17. Wahlperiode ] bedeutet das, dass gegen rund 1\/6 aller SGB II-Leistungsbezieher neue Sanktionen verh\u00e4ngt wurden.<\/p>\n<p>Besser k\u00f6nnen die \u00f6ffentlichen Haushalte kein Geld einsparen.<\/p>\n","protected":false},"excerpt":{"rendered":"<p>Von-der-Leiden geht in die n\u00e4chste Runde. Neues Rekordhoch bei den Sanktionen Laut einer am 12.11.12 ver\u00f6ffentlichten Statistik des Bremer Institutes f\u00fcr Arbeitsmarktforschung und Jugendberufshilfe e.V. (BIAJ), hat unsere Bundesministerin f\u00fcr Arbeit und Soziales, Frau Ursula von der Leyen (CDU), scheinbar ihr schon l\u00e4nger angek\u00fcndigtes erstes Teilziel bei der endg\u00fcltigen Unterdr\u00fcckung&#8230; <a class=\"continue-reading-link\" href=\"http:\/\/www.bg45.de\/index.php\/2166\/aktuelles-zu-von-der-leiden-ii\/\"> Weiterlesen <span class=\"meta-nav\">&rarr; <\/span><\/a><\/p>\n","protected":false},"author":11,"featured_media":0,"comment_status":"open","ping_status":"open","sticky":false,"template":"","format":"standard","meta":{"footnotes":""},"categories":[8],"tags":[49,85,150],"class_list":["post-2166","post","type-post","status-publish","format-standard","hentry","category-aktuelles-artikel","tag-sanktionen","tag-sgb-ii","tag-statistik"],"_links":{"self":[{"href":"http:\/\/www.bg45.de\/index.php\/wp-json\/wp\/v2\/posts\/2166","targetHints":{"allow":["GET"]}}],"collection":[{"href":"http:\/\/www.bg45.de\/index.php\/wp-json\/wp\/v2\/posts"}],"about":[{"href":"http:\/\/www.bg45.de\/index.php\/wp-json\/wp\/v2\/types\/post"}],"author":[{"embeddable":true,"href":"http:\/\/www.bg45.de\/index.php\/wp-json\/wp\/v2\/users\/11"}],"replies":[{"embeddable":true,"href":"http:\/\/www.bg45.de\/index.php\/wp-json\/wp\/v2\/comments?post=2166"}],"version-history":[{"count":4,"href":"http:\/\/www.bg45.de\/index.php\/wp-json\/wp\/v2\/posts\/2166\/revisions"}],"predecessor-version":[{"id":4252,"href":"http:\/\/www.bg45.de\/index.php\/wp-json\/wp\/v2\/posts\/2166\/revisions\/4252"}],"wp:attachment":[{"href":"http:\/\/www.bg45.de\/index.php\/wp-json\/wp\/v2\/media?parent=2166"}],"wp:term":[{"taxonomy":"category","embeddable":true,"href":"http:\/\/www.bg45.de\/index.php\/wp-json\/wp\/v2\/categories?post=2166"},{"taxonomy":"post_tag","embeddable":true,"href":"http:\/\/www.bg45.de\/index.php\/wp-json\/wp\/v2\/tags?post=2166"}],"curies":[{"name":"wp","href":"https:\/\/api.w.org\/{rel}","templated":true}]}}