{"id":2141,"date":"2012-11-13T10:00:57","date_gmt":"2012-11-13T10:00:57","guid":{"rendered":"http:\/\/bg45.de\/?p=2141"},"modified":"2013-09-14T10:42:16","modified_gmt":"2013-09-14T08:42:16","slug":"dunkel-wars-das-licht-schien-helle","status":"publish","type":"post","link":"http:\/\/www.bg45.de\/index.php\/2141\/dunkel-wars-das-licht-schien-helle\/","title":{"rendered":"Dunkel war&#8217;s, das Licht schien helle&#8230;"},"content":{"rendered":"<h3>Noch strahlt die Stadt im Licht der Lichtwochen. Dunkel wird es f\u00fcr uns noch fr\u00fch genug<\/h3>\n<p>\u201e<em>Detailgetreue Motivbilder, goldene Kugeln, strahlende Lichtstr\u00e4nge<\/em>\u201c \u2013 so wirbt die Essen Marketing GmbH f\u00fcr die Lichtwochen, die am 28. Oktober mal wieder begonnen haben. Ach wie sch\u00f6n. Ach wie hell. Da k\u00f6nnen wir uns noch mal richtig eins leuchten lassen. Denn dunkel wird\u2019s noch fr\u00fch genug.<\/p>\n<p><!--more--><\/p>\n<p>Zur Jahreswende auf jeden Fall. Nicht, weil die Stadt Essen dann ihre gigantische Stra\u00dfen-Deko wieder einpackt, nein: Dann steigen die Preise. Zum Beispiel f\u00fcr Strom. Da sind f\u00fcr 2013 im Schnitt 10 % Erh\u00f6hung angek\u00fcndigt. Journalisten rechnen das immer in sch\u00f6ne anschauliche Vergleiche um. Eine vierk\u00f6pfige Familie m\u00fcsse dann auf ein Essen beim Lieblingsitaliener verzichten, hei\u00dft es. Worauf verzichten die Essener Familien, die auf Sozialleistungen angewiesen sind? Auf ein paar Schuhe f\u00fcr die Kinder, aufs Telefonieren, aufs Sozialticket? Tja, verzichten m\u00fcssen alle. Politiker verzichten gerne auf die Diskussion \u00fcber Sozialtarife f\u00fcr Energie. Denn das ist besser als auf Honorare zu verzichten. Wie schreibt die Essen Marketing GmbH doch so treffend: <em>\u201eSie beginnt jetzt, die Zeit, in der in Essen der Blick nach oben lohnt.<\/em>\u201c Oja! Und was sehen wir da? Hoch auf den H\u00e4usern in leuchtender Schrift: RWE , E.ON, STEAG \u2026 Wenn uns da kein Licht aufgeht.<\/p>\n<p>BK<\/p>\n","protected":false},"excerpt":{"rendered":"<p>Noch strahlt die Stadt im Licht der Lichtwochen. Dunkel wird es f\u00fcr uns noch fr\u00fch genug \u201eDetailgetreue Motivbilder, goldene Kugeln, strahlende Lichtstr\u00e4nge\u201c \u2013 so wirbt die Essen Marketing GmbH f\u00fcr die Lichtwochen, die am 28. Oktober mal wieder begonnen haben. Ach wie sch\u00f6n. Ach wie hell. Da k\u00f6nnen wir uns&#8230; <a class=\"continue-reading-link\" href=\"http:\/\/www.bg45.de\/index.php\/2141\/dunkel-wars-das-licht-schien-helle\/\"> Weiterlesen <span class=\"meta-nav\">&rarr; <\/span><\/a><\/p>\n","protected":false},"author":11,"featured_media":0,"comment_status":"open","ping_status":"open","sticky":false,"template":"","format":"standard","meta":{"footnotes":""},"categories":[7],"tags":[61],"class_list":["post-2141","post","type-post","status-publish","format-standard","hentry","category-ansichten","tag-stadt-essen"],"_links":{"self":[{"href":"http:\/\/www.bg45.de\/index.php\/wp-json\/wp\/v2\/posts\/2141","targetHints":{"allow":["GET"]}}],"collection":[{"href":"http:\/\/www.bg45.de\/index.php\/wp-json\/wp\/v2\/posts"}],"about":[{"href":"http:\/\/www.bg45.de\/index.php\/wp-json\/wp\/v2\/types\/post"}],"author":[{"embeddable":true,"href":"http:\/\/www.bg45.de\/index.php\/wp-json\/wp\/v2\/users\/11"}],"replies":[{"embeddable":true,"href":"http:\/\/www.bg45.de\/index.php\/wp-json\/wp\/v2\/comments?post=2141"}],"version-history":[{"count":4,"href":"http:\/\/www.bg45.de\/index.php\/wp-json\/wp\/v2\/posts\/2141\/revisions"}],"predecessor-version":[{"id":4249,"href":"http:\/\/www.bg45.de\/index.php\/wp-json\/wp\/v2\/posts\/2141\/revisions\/4249"}],"wp:attachment":[{"href":"http:\/\/www.bg45.de\/index.php\/wp-json\/wp\/v2\/media?parent=2141"}],"wp:term":[{"taxonomy":"category","embeddable":true,"href":"http:\/\/www.bg45.de\/index.php\/wp-json\/wp\/v2\/categories?post=2141"},{"taxonomy":"post_tag","embeddable":true,"href":"http:\/\/www.bg45.de\/index.php\/wp-json\/wp\/v2\/tags?post=2141"}],"curies":[{"name":"wp","href":"https:\/\/api.w.org\/{rel}","templated":true}]}}