{"id":1557,"date":"2011-08-04T13:21:17","date_gmt":"2011-08-04T12:21:17","guid":{"rendered":"http:\/\/bg45.de\/?p=1557"},"modified":"2013-09-17T16:27:40","modified_gmt":"2013-09-17T14:27:40","slug":"das-sozialticket-endlich-einfuehren","status":"publish","type":"post","link":"http:\/\/www.bg45.de\/index.php\/1557\/das-sozialticket-endlich-einfuehren\/","title":{"rendered":"Das Sozialticket endlich einf\u00fchren"},"content":{"rendered":"<h3>Zum Sozialticket gibt es keine einheitliche Haltung<\/h3>\n<p>Die Fraktion DIE LINKE im Regionalverband Ruhr (RVR) ist \u00fcber das Vorgehen des Verwaltungsrates des Verkehrsverbundes Rhein-Ruhr (VRR) emp\u00f6rt. In einem Rundschreiben an alle Kommunen zur Einf\u00fchrung des Sozialtickets weist man solch hohe Verlustzahlen aus, die den kommunalen Entscheidungstr\u00e4gern den Ausstieg vor der Einf\u00fchrung\u00a0<em>schmackhaft<\/em> machen sollen.<\/p>\n<p><!--more--><\/p>\n<p>Unklare Formulierungen tragen dazu bei, dass man von vornherein den Eindruck erweckt, dass Kommunen im Nothaushaltsrecht keine M\u00f6glichkeiten der Beteiligung zu Gunsten der Empfangsberechtigten in ihrer Stadt h\u00e4tten. Auch die SPD- Fraktion im VVR hat die Einf\u00fchrung des Sozialtickets erneut in Frage gestellt, obwohl es die Landes- SPD im Wahlkampf gefordert hat.<\/p>\n<p>\u201eMit solchen Aktivit\u00e4ten schafft man nicht nur Verunsicherung in den Verwaltungen und R\u00e4ten, sondern spielt mit dem Recht auf Mobilit\u00e4t f\u00fcr ca. 900.000 Bezugsberechtigte allein im Ruhrgebiet.\u201c, so Wolfgang Freye, Vorsitzender der Fraktion DIE LINKE im RVR. \u201eDabei sind die Hochrechnungen mit denen der Verwaltungsrat Verluste nachweisen will, aus unserer Sicht fraglich, zumal die 15 Mio. \u20ac Verlustausgleich des Landes voraussichtlich auf n\u00e4chstes Jahr \u00fcbertragen werden k\u00f6nnen. Da das Ticket ohnehin erst zum 1.November 2011 eingef\u00fchrt werden soll, wird vermutlich keine weiteres Minus anfallen. Warum legt man nicht die eigenen positiven Erfahrungen aus dem Verkauf des Semestertickets zu Grunde?\u201c<\/p>\n<p>Das Semesterticket nutzen jedes Semester 500.000 Studenten und bringt dem VRR zus\u00e4tzliche Kunden. Es ist f\u00fcr 24 \u20ac\/ Monat zu haben und gilt im ganzen Tarifbereiches des VRR. Auch das Sozialticket k\u00f6nnte neue Kunden bringen. Mit den 29,90 \u20ac\/ Monat, die es kosten soll, liegt es Sicht der LINKEN ohnehin erheblich zu hoch im Preis, steht doch den Hartz-IV-Berechtigten eine monatliche Bef\u00f6rderungspauschale von gerade 22,92 Euro zu. Im Gegensatz zum Semesterticket soll es nur auf die Tarifzone A beschr\u00e4nkt werden. Das ist gerade im Ruhrgebiet keine wirkliche Verbesserung der Mobilit\u00e4t.<\/p>\n","protected":false},"excerpt":{"rendered":"<p>Zum Sozialticket gibt es keine einheitliche Haltung Die Fraktion DIE LINKE im Regionalverband Ruhr (RVR) ist \u00fcber das Vorgehen des Verwaltungsrates des Verkehrsverbundes Rhein-Ruhr (VRR) emp\u00f6rt. In einem Rundschreiben an alle Kommunen zur Einf\u00fchrung des Sozialtickets weist man solch hohe Verlustzahlen aus, die den kommunalen Entscheidungstr\u00e4gern den Ausstieg vor der&#8230; <a class=\"continue-reading-link\" href=\"http:\/\/www.bg45.de\/index.php\/1557\/das-sozialticket-endlich-einfuehren\/\"> Weiterlesen <span class=\"meta-nav\">&rarr; <\/span><\/a><\/p>\n","protected":false},"author":11,"featured_media":0,"comment_status":"open","ping_status":"open","sticky":false,"template":"","format":"standard","meta":{"footnotes":""},"categories":[8],"tags":[69],"class_list":["post-1557","post","type-post","status-publish","format-standard","hentry","category-aktuelles-artikel","tag-hartz4-berechtigten"],"_links":{"self":[{"href":"http:\/\/www.bg45.de\/index.php\/wp-json\/wp\/v2\/posts\/1557","targetHints":{"allow":["GET"]}}],"collection":[{"href":"http:\/\/www.bg45.de\/index.php\/wp-json\/wp\/v2\/posts"}],"about":[{"href":"http:\/\/www.bg45.de\/index.php\/wp-json\/wp\/v2\/types\/post"}],"author":[{"embeddable":true,"href":"http:\/\/www.bg45.de\/index.php\/wp-json\/wp\/v2\/users\/11"}],"replies":[{"embeddable":true,"href":"http:\/\/www.bg45.de\/index.php\/wp-json\/wp\/v2\/comments?post=1557"}],"version-history":[{"count":4,"href":"http:\/\/www.bg45.de\/index.php\/wp-json\/wp\/v2\/posts\/1557\/revisions"}],"predecessor-version":[{"id":5723,"href":"http:\/\/www.bg45.de\/index.php\/wp-json\/wp\/v2\/posts\/1557\/revisions\/5723"}],"wp:attachment":[{"href":"http:\/\/www.bg45.de\/index.php\/wp-json\/wp\/v2\/media?parent=1557"}],"wp:term":[{"taxonomy":"category","embeddable":true,"href":"http:\/\/www.bg45.de\/index.php\/wp-json\/wp\/v2\/categories?post=1557"},{"taxonomy":"post_tag","embeddable":true,"href":"http:\/\/www.bg45.de\/index.php\/wp-json\/wp\/v2\/tags?post=1557"}],"curies":[{"name":"wp","href":"https:\/\/api.w.org\/{rel}","templated":true}]}}