{"id":1537,"date":"2011-07-27T12:17:27","date_gmt":"2011-07-27T11:17:27","guid":{"rendered":"http:\/\/bg45.de\/?p=1537"},"modified":"2013-09-17T16:24:28","modified_gmt":"2013-09-17T14:24:28","slug":"sommerpause-und-immer-noch-kein-sozialticket","status":"publish","type":"post","link":"http:\/\/www.bg45.de\/index.php\/1537\/sommerpause-und-immer-noch-kein-sozialticket\/","title":{"rendered":"Sommerpause und immer noch kein Sozialticket"},"content":{"rendered":"<h3>Das Sozialticket l\u00e4sst auf sich warten, trotz mancher intensiven Bem\u00fchungen<\/h3>\n<p>Aus den aktuellen Pressemitteilungen der Fraktionen SPD und Die Linke geht hervor, fast alle wollen und bem\u00fchen sich. (<a title=\"Pressemitteilung der SPD\" href=\"http:\/\/www.bg45.de\/wp-content\/uploads\/2011\/07\/pm_spd_sozialpass.pdf\" target=\"_blank\">Pressemitteilung der SPD<\/a> \/ <a title=\"Pressemitteilung DIE LINKE\" href=\"http:\/\/www.bg45.de\/wp-content\/uploads\/2011\/07\/pm_linke_sozialpass.pdf\" target=\"_blank\">Pressemitteilung DIE LINKE<\/a>)<\/p>\n<p>Weniger bem\u00fcht sind die Essener B\u00fcrger selbst, die zuk\u00fcnftgen Sozialticketinhaber, die an Stadtpolitik Interessierten, Erwerbslosen-Initiativen&#8230; Zur Protestaktion am 19.Juli vor dem Rathaus &#8211; <!--more-->dort fand die letzte VRR Sitzung statt &#8211; waren viele Menschen aus anderen St\u00e4dten angereist, die BG45 war nat\u00fcrlich da. Wer das Sozialticket will, kann sich auch bemerkbar machen. Im \u00dcbrigen, ein Ticket f\u00fcr 30 EUR kann nicht\u00a0<em>sozial<\/em> sein und den Sozialpass f\u00fcr Essen fordert auch die BG45 seit 2007.<\/p>\n<p><a href=\"http:\/\/www.bg45.de\/wp-content\/uploads\/2011\/07\/BG45-plus-150x112.jpg\"><img loading=\"lazy\" decoding=\"async\" class=\"alignleft size-full wp-image-3079\" alt=\"BG45 plus\" src=\"http:\/\/www.bg45.de\/wp-content\/uploads\/2011\/07\/BG45-plus-150x112.jpg\" width=\"150\" height=\"112\" \/><\/a><a href=\"http:\/\/www.bg45.de\/wp-content\/uploads\/2011\/07\/Fremde-und-BG45-150x112.jpg\"><img loading=\"lazy\" decoding=\"async\" class=\"alignleft size-full wp-image-3080\" style=\"margin-left: 1em;\" alt=\"Fremde und BG45\" src=\"http:\/\/www.bg45.de\/wp-content\/uploads\/2011\/07\/Fremde-und-BG45-150x112.jpg\" width=\"150\" height=\"112\" \/><\/a><\/p>\n","protected":false},"excerpt":{"rendered":"<p>Das Sozialticket l\u00e4sst auf sich warten, trotz mancher intensiven Bem\u00fchungen Aus den aktuellen Pressemitteilungen der Fraktionen SPD und Die Linke geht hervor, fast alle wollen und bem\u00fchen sich. (Pressemitteilung der SPD \/ Pressemitteilung DIE LINKE) Weniger bem\u00fcht sind die Essener B\u00fcrger selbst, die zuk\u00fcnftgen Sozialticketinhaber, die an Stadtpolitik Interessierten, Erwerbslosen-Initiativen&#8230;&#8230; <a class=\"continue-reading-link\" href=\"http:\/\/www.bg45.de\/index.php\/1537\/sommerpause-und-immer-noch-kein-sozialticket\/\"> Weiterlesen <span class=\"meta-nav\">&rarr; <\/span><\/a><\/p>\n","protected":false},"author":11,"featured_media":0,"comment_status":"open","ping_status":"open","sticky":false,"template":"","format":"standard","meta":{"footnotes":""},"categories":[8],"tags":[19,105,61],"class_list":["post-1537","post","type-post","status-publish","format-standard","hentry","category-aktuelles-artikel","tag-bg45","tag-spd","tag-stadt-essen"],"_links":{"self":[{"href":"http:\/\/www.bg45.de\/index.php\/wp-json\/wp\/v2\/posts\/1537","targetHints":{"allow":["GET"]}}],"collection":[{"href":"http:\/\/www.bg45.de\/index.php\/wp-json\/wp\/v2\/posts"}],"about":[{"href":"http:\/\/www.bg45.de\/index.php\/wp-json\/wp\/v2\/types\/post"}],"author":[{"embeddable":true,"href":"http:\/\/www.bg45.de\/index.php\/wp-json\/wp\/v2\/users\/11"}],"replies":[{"embeddable":true,"href":"http:\/\/www.bg45.de\/index.php\/wp-json\/wp\/v2\/comments?post=1537"}],"version-history":[{"count":13,"href":"http:\/\/www.bg45.de\/index.php\/wp-json\/wp\/v2\/posts\/1537\/revisions"}],"predecessor-version":[{"id":5721,"href":"http:\/\/www.bg45.de\/index.php\/wp-json\/wp\/v2\/posts\/1537\/revisions\/5721"}],"wp:attachment":[{"href":"http:\/\/www.bg45.de\/index.php\/wp-json\/wp\/v2\/media?parent=1537"}],"wp:term":[{"taxonomy":"category","embeddable":true,"href":"http:\/\/www.bg45.de\/index.php\/wp-json\/wp\/v2\/categories?post=1537"},{"taxonomy":"post_tag","embeddable":true,"href":"http:\/\/www.bg45.de\/index.php\/wp-json\/wp\/v2\/tags?post=1537"}],"curies":[{"name":"wp","href":"https:\/\/api.w.org\/{rel}","templated":true}]}}