{"id":1386,"date":"2011-02-12T14:57:21","date_gmt":"2011-02-12T13:57:21","guid":{"rendered":"http:\/\/bg45.de\/?p=1386"},"modified":"2013-09-13T15:35:53","modified_gmt":"2013-09-13T13:35:53","slug":"kampf-gegen-kinderarmut","status":"publish","type":"post","link":"http:\/\/www.bg45.de\/index.php\/1386\/kampf-gegen-kinderarmut\/","title":{"rendered":"Kampf gegen Kinderarmut"},"content":{"rendered":"<h3>Der Kinderarmut wird in Essen der Kampf angesagt<\/h3>\n<p>Laut einer Pressemitteilung nimmt die SPD Ratsfraktion den Kampf gegen Kinderarmut in Essen auf, der erste Schritt sei getan:<\/p>\n<p><!--more--><\/p>\n<blockquote>\n<h4>SPD-Fraktion wird die Erarbeitung eines Handlungsprogramms konstruktiv begleiten<strong> <\/strong><\/h4>\n<p>\u201eWir sind sehr froh, dass mit dem vorgestellten Konzept endlich eine Arbeitsgrundlage vorliegt, mit der die Stadt Essen nun in die Lage versetzt ist, ein Handlungsprogramm zu erarbeiten, mit dem die Kinderarmut in unserer Stadt bek\u00e4mpft werden kann\u201c, sagt Frank M\u00fcller, jugendpolitischer Sprecher der SPD-Fraktion, im Hinblick auf die gestern im Jugendhilfeausschuss vorgestellte Verwaltungsvorlage.<\/p>\n<p>\u201eArmut zu bek\u00e4mpfen, wo sie beginnt, ist genau der richtige Schritt, um der nachkommenden Generation eine echte Perspektive f\u00fcr ein gutes Leben zu erm\u00f6glichen\u201c, ist sich auch Michael Franz, sozialpolitischer Sprecher der SPD-Fraktion, sicher. Darum hatte die SPD-Fraktion bereits in der letzten Ratsperiode ein entsprechendes Konzept gefordert.<\/p>\n<p>\u201eEs ist der Beharrlichkeit der SPD-Fraktion zu verdanken, dass wir endlich belastbare Zahlen auf dem Tisch haben, die die Erkenntnisse der Vergangenheit noch einmal best\u00e4tigen. Damit kann nun ein vern\u00fcnftiges Handlungskonzept erarbeitet werden. Wir wollen diesen weiteren Weg konstruktiv begleiten und eng mit unseren Partnern aus den Jugend und Wohlfahrtsverb\u00e4nden abstimmen. Im Herbst dieses Jahres muss dann ein umsetzbares Programm auf dem Tisch liegen, dass den Kindern in unserer Stadt eine echte Hilfe ist\u201c, so Frank M\u00fcller weiter.<\/p>\n<p>Die SPD-Fraktion hat sich auch f\u00fcr die kommenden Haushaltsberatungen die Schwerpunkte Bildung, Kinder und Jugend gesetzt und wird sich daf\u00fcr stark machen, dass f\u00fcr die Bek\u00e4mpfung der Kinderarmut entsprechende Mittel eingeplant werden. Auch die von Oberb\u00fcrgermeister Reinhard Pa\u00df verk\u00fcndete Priorit\u00e4tensetzung auf den Ausbau von KitaPl\u00e4tzen ist dabei ein wesentlicher Beitrag, damit fehlende Bildung aus Kinderarmut nicht ein Leben in Armut wird.<\/p>\n<p>\u201eJeder Euro, den wir hier ausgeben, macht sich sp\u00e4ter bezahlt, wenn das soziale Auffangnetz unserer Stadtgesellschaft entlastet wird. Die Zahlen der Verwaltung werden dabei hilfreich sein, die gr\u00f6\u00dften Handlungsbedarfe zu erkennen und die Mittel zielgerichtet zu verwenden. Daf\u00fcr bedarf es auch einer guten Abstimmung aller Beteiligten aus Sozial, Bildungs, Familien, Jugend, Gesundheits und Stadtentwicklungspolitik. Jetzt haben wir einen ersten Schritt gemacht, um den Trend zu mehr Kinderarmut endlich zu durchbrechen\u201c, meint Michael Franz abschlie\u00dfend.<\/p>\n<p>Die BG45 hielte es zudem f\u00fcr sinnvoll, die SPD setzte sich auch daf\u00fcr ein, dass schwangere Leistungsbezieherinnen vom JobCenter umfassend informiert werden und die Antr\u00e4ge zeitnah bearbeitet werden.<\/p><\/blockquote>\n","protected":false},"excerpt":{"rendered":"<p>Der Kinderarmut wird in Essen der Kampf angesagt Laut einer Pressemitteilung nimmt die SPD Ratsfraktion den Kampf gegen Kinderarmut in Essen auf, der erste Schritt sei getan:<\/p>\n","protected":false},"author":11,"featured_media":0,"comment_status":"open","ping_status":"open","sticky":false,"template":"","format":"standard","meta":{"footnotes":""},"categories":[2],"tags":[161,133,105],"class_list":["post-1386","post","type-post","status-publish","format-standard","hentry","category-artikel","tag-armut","tag-kinder","tag-spd"],"_links":{"self":[{"href":"http:\/\/www.bg45.de\/index.php\/wp-json\/wp\/v2\/posts\/1386","targetHints":{"allow":["GET"]}}],"collection":[{"href":"http:\/\/www.bg45.de\/index.php\/wp-json\/wp\/v2\/posts"}],"about":[{"href":"http:\/\/www.bg45.de\/index.php\/wp-json\/wp\/v2\/types\/post"}],"author":[{"embeddable":true,"href":"http:\/\/www.bg45.de\/index.php\/wp-json\/wp\/v2\/users\/11"}],"replies":[{"embeddable":true,"href":"http:\/\/www.bg45.de\/index.php\/wp-json\/wp\/v2\/comments?post=1386"}],"version-history":[{"count":4,"href":"http:\/\/www.bg45.de\/index.php\/wp-json\/wp\/v2\/posts\/1386\/revisions"}],"predecessor-version":[{"id":5511,"href":"http:\/\/www.bg45.de\/index.php\/wp-json\/wp\/v2\/posts\/1386\/revisions\/5511"}],"wp:attachment":[{"href":"http:\/\/www.bg45.de\/index.php\/wp-json\/wp\/v2\/media?parent=1386"}],"wp:term":[{"taxonomy":"category","embeddable":true,"href":"http:\/\/www.bg45.de\/index.php\/wp-json\/wp\/v2\/categories?post=1386"},{"taxonomy":"post_tag","embeddable":true,"href":"http:\/\/www.bg45.de\/index.php\/wp-json\/wp\/v2\/tags?post=1386"}],"curies":[{"name":"wp","href":"https:\/\/api.w.org\/{rel}","templated":true}]}}