{"id":10701,"date":"2015-06-01T06:06:13","date_gmt":"2015-06-01T04:06:13","guid":{"rendered":"http:\/\/www.bg45.de\/?p=10701"},"modified":"2018-11-08T16:25:50","modified_gmt":"2018-11-08T15:25:50","slug":"arbeitslosenversicherung-ein-nutzloses-instrument","status":"publish","type":"post","link":"http:\/\/www.bg45.de\/index.php\/10701\/arbeitslosenversicherung-ein-nutzloses-instrument\/","title":{"rendered":"Arbeitslosenversicherung &#8211; Ein nutzloses Instrument?"},"content":{"rendered":"<h3><a href=\"http:\/\/www.bg45.de\/wp-content\/uploads\/2015\/06\/Arbeitslosenversicherung.jpg\"><img loading=\"lazy\" decoding=\"async\" class=\"alignright size-medium wp-image-10702\" src=\"http:\/\/www.bg45.de\/wp-content\/uploads\/2015\/06\/Arbeitslosenversicherung-300x225.jpg\" alt=\"Arbeitslosenversicherung\" width=\"300\" height=\"225\" srcset=\"http:\/\/www.bg45.de\/wp-content\/uploads\/2015\/06\/Arbeitslosenversicherung-300x225.jpg 300w, http:\/\/www.bg45.de\/wp-content\/uploads\/2015\/06\/Arbeitslosenversicherung-1024x768.jpg 1024w, http:\/\/www.bg45.de\/wp-content\/uploads\/2015\/06\/Arbeitslosenversicherung-200x150.jpg 200w, http:\/\/www.bg45.de\/wp-content\/uploads\/2015\/06\/Arbeitslosenversicherung-150x113.jpg 150w, http:\/\/www.bg45.de\/wp-content\/uploads\/2015\/06\/Arbeitslosenversicherung.jpg 1280w\" sizes=\"auto, (max-width: 300px) 100vw, 300px\" \/><\/a>Arbeitslosenversicherung entwickelt sich mehr und mehr zum Papiertiger<\/h3>\n<p>Im Nachgang zu unserem letzten Artikel wollen wir uns dem Thema Arbeitslosenversicherung und Leistungen aus ihr widmen. Denn nach gleichlautenden Pressemeldungen bekam im vergangenen Jahr jeder Vierte, der erwerbslos wurde, keine Leistungen aus der Arbeitslosenversicherung in Form des ALG\u00a0I, sondern rutschte direkt in den SGB\u00a0II-Leistungsbezug.<\/p>\n<p>Konkret betroffen davon waren nach den Angaben des Bundesarbeitsministeriums 625.000\u00a0Menschen. Diese Zahl muss man sich erst einmal bewu\u00dft auf der Zunge zergehen lassen. Denn daraus resultiert die Frage, ob die Arbeitslosenversicherung tats\u00e4chlich noch eine Schutzfunktion hat?<\/p>\n<p><!--more--><\/p>\n<h4>Arbeitslosenversicherung &#8211; Wohin geht der Weg?<\/h4>\n<p>Dazu nun erst einmal ein vern\u00fcnftig erkl\u00e4render Kurzartikel der Frankfurter Neuen Presse:<\/p>\n<blockquote><p><strong>Jeder vierte neue Arbeitslose bekommt nur Hartz\u00a0IV<\/strong><\/p>\n<p><strong>Wer in die Arbeitslosenversicherung einzahlt, kann Arbeitslosengeld\u00a0I bekommen &#8211; doch f\u00fcr Hunderttausende gilt dies nicht. Die Gr\u00fcnen fordern deshalb Reformen zugunsten kurzfristig Besch\u00e4ftigter.<\/strong><\/p>\n<p>Berlin.<\/p>\n<p>Fast jeder vierte Besch\u00e4ftigte, der arbeitslos wird, erh\u00e4lt statt Arbeitslosengeld lediglich die Grundsicherung Hartz\u00a0IV. Dies geht aus der Antwort des Bundesarbeitsministeriums auf eine Frage der Gr\u00fcnen-Bundestagsabgeordneten Brigitte Pothmer her, die der Deutschen Presse-Agentur vorlag.<\/p>\n<p>Davon betroffen waren 2014 insgesamt 625\u00a0000\u00a0Menschen. Insgesamt rutschten im Vorjahr 2,65\u00a0Millionen Besch\u00e4ftigte aus dem ersten Arbeitsmarkt in die Arbeitslosigkeit. Betroffen seien vor allem kurzfristig und prek\u00e4r Besch\u00e4ftigte.<\/p>\n<p>\u201eF\u00fcr nahezu jeden Vierten, der arbeitslos wird, besitzt die Arbeitslosenversicherung keine Schutzfunktion mehr\u201d, sagte die Fraktionsexpertin f\u00fcr Arbeitsmarktpolitik. Pothmer forderte die Koalition auf, die Arbeitslosenversicherung auf die ver\u00e4nderte Arbeitswelt auszurichten. \u201eIm Zuge der Digitalisierung und der Entstehung neuer Besch\u00e4ftigungsformen wird dieser Trend zunehmen.\u201d<\/p>\n<p>Pothmer kritisierte etwa, dass man binnen zwei Jahren mindestens zw\u00f6lf Monate in die Arbeitslosenversicherung einbezahlt haben muss, bevor man \u00fcberhaupt Anspruch auf sechs Monate Arbeitslosengeld habe.<\/p>\n<p>Zuk\u00fcnftig sollten Versicherte im Falle von Arbeitslosigkeit fr\u00fcher Leistungen beziehen und bereits nach vier Monaten Beitragszahlungen Anspruch auf zwei Monate Arbeitslosengeld haben, forderte die Politikerin. Die Bezugsdauer solle dann mit der Leistungsdauer steigen. Das steuerfinanzierte Hartz-IV-System w\u00fcrde so entlastet.<br \/>\n(dpa)<\/p><\/blockquote>\n<h4>Arbeitslosenversicherung &#8211; Die Auswirkungen der Fehlentwicklung<\/h4>\n<p>Die in dem Bericht genannten Zahlen zur Arbeitslosenversicherung sind schon negativ genug, jedoch finden sich im Artikel keinerlei Informationen dar\u00fcber, wie viele der 2,65\u00a0Millionen Menschen, die 2014 aus dem ersten Arbeitsmarkt in die Erwerbslosigkeit schlitterten, auf aufstockende Leistungen nach dem SGB\u00a0II angewiesen waren, weil ihr ALG\u00a0I-Anspruch zu niedrig war, um das Existenzminimum zu sichern.<\/p>\n<p>Denn eigentlich m\u00fc\u00dfte man solche Personen noch dazurechnen, um ein wirklich realistisch Bild davon gewinnen zu k\u00f6nnen, wie sehr die Arbeitslosenversicherung ihre Schutzfunktion zu verlieren droht. Leider finden sich auch im Worldwideweb keine weiteren Informationen dazu.<\/p>\n<p>Angesichts dieser Zahlen wird jedoch deutlich, dass es dieses Jahr noch dramatischer werden wird, denn seit Januar greift die sechsmonatige Ausnahmeregelung f\u00fcr Langzeiterwerbslose beim gesetzlichen Mindestlohn. Die; wie sich bereits jetzt abzeichnet; von den Arbeitgebern vielfach gnadenlos ausgenutzt wird. Was dazu f\u00fchrt, dass Hunderttausende ehemalige SGB\u00a0II-Leistungsberechtigte dann aufgrund ihrer jetzigen Erwerbst\u00e4tigkeit f\u00fcr bis zu sechs Monate Beitr\u00e4ge in die Arbeitslosenversicherung einzahlen, aber dann keinerlei Leistungen aus ihr enthalten, weil sie zum Ende der Sechsmonatsfrist wieder gek\u00fcndigt werden. Und so direkt erneut in den SGB\u00a0II-Leistungsbezug rutschen.<\/p>\n<p>Die offizielle Antwort des BMAS gibt es hier: <a href=\"http:\/\/www.bg45.de\/wp-content\/uploads\/2015\/06\/150508_Antwort_BMAS_Arbeitslosenversicherung.pdf\" target=\"_blank\" rel=\"noopener\">Antwort_zur_Arbeitslosenversicherung_vom_15.05.2015<\/a><\/p>\n<blockquote><p><span style=\"color: #ff0000;\"><strong>Der Machtmensch geht an der Macht zugrunde, der Geldmensch am Geld, der Unterw\u00fcrfige am Dienen, der Lustsucher an der Lust.<\/strong><\/span><\/p>\n<p>Hermann Hesse<\/p><\/blockquote>\n","protected":false},"excerpt":{"rendered":"<p>Arbeitslosenversicherung entwickelt sich mehr und mehr zum Papiertiger Im Nachgang zu unserem letzten Artikel wollen wir uns dem Thema Arbeitslosenversicherung und Leistungen aus ihr widmen. Denn nach gleichlautenden Pressemeldungen bekam im vergangenen Jahr jeder Vierte, der erwerbslos wurde, keine Leistungen aus der Arbeitslosenversicherung in Form des ALG\u00a0I, sondern rutschte direkt&#8230; <a class=\"continue-reading-link\" href=\"http:\/\/www.bg45.de\/index.php\/10701\/arbeitslosenversicherung-ein-nutzloses-instrument\/\"> Weiterlesen <span class=\"meta-nav\">&rarr; <\/span><\/a><\/p>\n","protected":false},"author":11,"featured_media":0,"comment_status":"open","ping_status":"open","sticky":false,"template":"","format":"standard","meta":{"footnotes":""},"categories":[8],"tags":[161,42,118,54,20,25,45,170,163,85,160],"class_list":["post-10701","post","type-post","status-publish","format-standard","hentry","category-aktuelles-artikel","tag-armut","tag-bundesagentur-fur-arbeit","tag-diskriminierung","tag-erwerbslose","tag-hartz-iv","tag-jobcenter","tag-leiharbeit","tag-leistungsberechtigte","tag-niedriglohn","tag-sgb-ii","tag-sozialgericht"],"_links":{"self":[{"href":"http:\/\/www.bg45.de\/index.php\/wp-json\/wp\/v2\/posts\/10701","targetHints":{"allow":["GET"]}}],"collection":[{"href":"http:\/\/www.bg45.de\/index.php\/wp-json\/wp\/v2\/posts"}],"about":[{"href":"http:\/\/www.bg45.de\/index.php\/wp-json\/wp\/v2\/types\/post"}],"author":[{"embeddable":true,"href":"http:\/\/www.bg45.de\/index.php\/wp-json\/wp\/v2\/users\/11"}],"replies":[{"embeddable":true,"href":"http:\/\/www.bg45.de\/index.php\/wp-json\/wp\/v2\/comments?post=10701"}],"version-history":[{"count":8,"href":"http:\/\/www.bg45.de\/index.php\/wp-json\/wp\/v2\/posts\/10701\/revisions"}],"predecessor-version":[{"id":11372,"href":"http:\/\/www.bg45.de\/index.php\/wp-json\/wp\/v2\/posts\/10701\/revisions\/11372"}],"wp:attachment":[{"href":"http:\/\/www.bg45.de\/index.php\/wp-json\/wp\/v2\/media?parent=10701"}],"wp:term":[{"taxonomy":"category","embeddable":true,"href":"http:\/\/www.bg45.de\/index.php\/wp-json\/wp\/v2\/categories?post=10701"},{"taxonomy":"post_tag","embeddable":true,"href":"http:\/\/www.bg45.de\/index.php\/wp-json\/wp\/v2\/tags?post=10701"}],"curies":[{"name":"wp","href":"https:\/\/api.w.org\/{rel}","templated":true}]}}