{"id":10692,"date":"2015-05-31T07:08:53","date_gmt":"2015-05-31T05:08:53","guid":{"rendered":"http:\/\/www.bg45.de\/?p=10692"},"modified":"2015-06-13T14:14:15","modified_gmt":"2015-06-13T12:14:15","slug":"nachbetreuung-neues-buerokratisches-monster","status":"publish","type":"post","link":"http:\/\/www.bg45.de\/index.php\/10692\/nachbetreuung-neues-buerokratisches-monster\/","title":{"rendered":"Nachbetreuung &#8211; Neues b\u00fcrokratisches Monster"},"content":{"rendered":"<h3><a href=\"http:\/\/www.bg45.de\/wp-content\/uploads\/2015\/05\/Nachbetreuung.jpg\"><img loading=\"lazy\" decoding=\"async\" class=\"alignleft size-medium wp-image-10693\" src=\"http:\/\/www.bg45.de\/wp-content\/uploads\/2015\/05\/Nachbetreuung-300x235.jpg\" alt=\"Nachbetreuung\" width=\"300\" height=\"235\" srcset=\"http:\/\/www.bg45.de\/wp-content\/uploads\/2015\/05\/Nachbetreuung-300x235.jpg 300w, http:\/\/www.bg45.de\/wp-content\/uploads\/2015\/05\/Nachbetreuung-1024x801.jpg 1024w, http:\/\/www.bg45.de\/wp-content\/uploads\/2015\/05\/Nachbetreuung-192x150.jpg 192w, http:\/\/www.bg45.de\/wp-content\/uploads\/2015\/05\/Nachbetreuung-150x117.jpg 150w, http:\/\/www.bg45.de\/wp-content\/uploads\/2015\/05\/Nachbetreuung.jpg 1280w\" sizes=\"auto, (max-width: 300px) 100vw, 300px\" \/><\/a>Nachbetreuung ehemaliger Leistungsberechtigter soll &#8222;verbessert&#8220; werden<\/h3>\n<p>Nach \u00fcbereinstimmenden Presseberichten plant Bundesarbeitsministerin Andrea Nahles, die &#8222;Nachbetreuung&#8220; ehemaliger Leistungsberechtigter zu verbessern. Hintergrund ist der sog. <a href=\"http:\/\/de.wikipedia.org\/wiki\/Dreht%C3%BCr-Effekt\" target=\"_blank\" rel=\"noopener\">Dreht\u00fcreneffekt<\/a>. Der besagt, dass eine Vielzahl Leistungsberechtigter, die einen Job gefunden hat, bereits nach kurzer Zeit wieder im Leistungsbezug landet.<\/p>\n<p>F\u00fcr die Nachbetreuung soll eigens eine Rechtsgrundlage im SGB&nbsp;II geschaffen werden.<\/p>\n<p>Hier muss man sich dann allen Ernstes fragen, ob denn Schwachsinn S\u00fcnde sein kann. Denn es ist der falsche L\u00f6sungsansatz.<\/p>\n<p><!--more--><\/p>\n<h4>Nachbetreuung &#8211; Der politische Irrweg<\/h4>\n<p>Zur weiteren Einleitung erst einmal ein <span class=\"removed_link\" title=\"http:\/\/www.deutschlandfunk.de\/hartz-iv-bundesregierung-will-ehemalige-arbeitslose-laenger.447.de.html?drn:news_id=488040\">Kurzartikel<\/span> des Deutschlandfunks:<\/p>\n<blockquote><p><strong>Bundesregierung will ehemalige Arbeitslose l\u00e4nger betreuen<\/strong><\/p>\n<p>Die Bundesregierung will ehemalige Hartz-IV-Empf\u00e4nger in ihrer neuen Anstellung l\u00e4nger begleiten und unterst\u00fctzen als bisher.<\/p>\n<p>Nach Angaben der Bundesagentur f\u00fcr Arbeit k\u00f6nnten davon bis zu 300.000 bereits vermittelte Arbeitslose profitieren, berichtet die Zeitung &#8222;Welt am Sonntag&#8220;. Die Ausweitung der Nachbetreuung f\u00fcr alle ehemaligen Erwerbslosen habe das Bundesarbeitsministerium in einer Antwort auf eine Anfrage der Linksfraktion im Bundestag angek\u00fcndigt. Hintergrund sei das Problem, dass fast die H\u00e4lfte der ehemaligen Hartz-IV-Bezieher, die eine neue Arbeit bekommen haben, nach einem halben Jahr wieder ohne Arbeit sind.<\/p>\n<p>Bislang gibt es eine Nachbetreuung nur f\u00fcr so genannte Aufstocker, die aufgrund ihres niedrigen Arbeitseinkommens zus\u00e4tzlich auf Hartz&nbsp;IV angewiesen sind, sowie f\u00fcr Besch\u00e4ftigte, die vom Jobcenter gef\u00f6rdert werden.<\/p><\/blockquote>\n<h4>Nachbetreuung &#8211; Die moderne Methode des Schwachsinns<\/h4>\n<p>Das SGB&nbsp;II ist ohnehin eines der kompliziertesten Gesetze, dass wir haben. Es nun noch um einen weiteren Paragraphen aufzubl\u00e4hen, der eine Rechtsgrundlage f\u00fcr die Nachbetreuung schafft, macht es nur noch komplexer und undurchsichtiger.<\/p>\n<p>Dazu kommt, dass alle JobCenter schon jetzt bei Weitem ihre personelle Kapazit\u00e4tsgrenze \u00fcberschritten haben. Wie bitte sch\u00f6n soll dann noch obendrein die ansich sehr arbeitsintensive Nachbetreuung von dort aus gestemmt werden?<\/p>\n<p>Und wie sieht es mit den Geldmitteln daf\u00fcr aus? Schon jetzt schichten JobCenter reihenweise Budgetmittel aus den F\u00f6rdert\u00f6pfen in den Verwaltungshaushalt um (<a href=\"http:\/\/www.bg45.de\/index.php\/10173\/millionen-bei-jobcentern-umgeschichtet\/\" target=\"_blank\">wir&nbsp;berichteten<\/a>). Dar\u00fcber hinaus sollen auch diese F\u00f6rdert\u00f6pfe in den n\u00e4chsten drei Jahren um 750 Millionen Euro gek\u00fcrzt werden (<a href=\"http:\/\/www.bg45.de\/index.php\/10624\/mittelzusagen-an-die-jobcenter-werden-reduziert\/\" target=\"_blank\">auch&nbsp;hier&nbsp;berichteten&nbsp;wir<\/a>). Ebenso fehlt den JobCentern Personal und selbst bei der BA sollen Stellen abgebaut werden.<\/p>\n<h4>Nachbetreuung &#8211; Wie kuriert man die Auswirkung und beseitigt nicht das Kernproblem?<\/h4>\n<p>Diese Frage darf im Zusammenhang mit der geplanten Nachbetreuung durchaus gestellt werden. Denn das Kernproblem f\u00fcr den Dreht\u00fcreneffekt sind nicht die Leistungsberechtigten selber, sondern es ist die verfehlte Arbeits- und Wirtschaftspolitik der Verantwortlichen in den letzten Dekaden.<\/p>\n<p>Nach und nach wurden die Regelungen zur Arbeitnehmer\u00fcberlassung gelockert und der Niedriglohnsektor wurde k\u00fcnstlich aufgebl\u00e4ht, um amerikanische Verh\u00e4ltnisse in Deutschland zu schaffen.<\/p>\n<p>Statt nun hier eine R\u00fcckumkehr zu vollziehen, geht Frau Nahles den Weg der &#8222;Beseitigung&#8220; der Auswirkungen, aber nicht den der Beseitigung des Grund\u00fcbels.<\/p>\n<p>Weitere Informationen finden interessierte Leser hier:<\/p>\n<p><a href=\"http:\/\/www.welt.de\/?config=articleidfromurl&amp;artid=141690961\" target=\"_blank\" rel=\"noopener\">Hartz&nbsp;IV:&nbsp;Jobcenter&nbsp;sollen&nbsp;alle&nbsp;Ex-Arbeitslosen&nbsp;nachbetreuen<\/a><\/p>\n<blockquote><p><span style=\"color: #0000ff;\"><strong>Sich selbst etwas versprechen und es nicht halten ist der n\u00e4chste Weg zur Nullit\u00e4t und Charakterlosigkeit.<\/strong><\/span><\/p>\n<p>Christian Friedrich Hebbel (1813 &#8211; 1863), deutscher Dramatiker und Lyriker<\/p><\/blockquote>\n","protected":false},"excerpt":{"rendered":"<p>Nachbetreuung ehemaliger Leistungsberechtigter soll &#8222;verbessert&#8220; werden Nach \u00fcbereinstimmenden Presseberichten plant Bundesarbeitsministerin Andrea Nahles, die &#8222;Nachbetreuung&#8220; ehemaliger Leistungsberechtigter zu verbessern. Hintergrund ist der sog. Dreht\u00fcreneffekt. Der besagt, dass eine Vielzahl Leistungsberechtigter, die einen Job gefunden hat, bereits nach kurzer Zeit wieder im Leistungsbezug landet. F\u00fcr die Nachbetreuung soll eigens eine Rechtsgrundlage&#8230; <a class=\"continue-reading-link\" href=\"http:\/\/www.bg45.de\/index.php\/10692\/nachbetreuung-neues-buerokratisches-monster\/\"> Weiterlesen <span class=\"meta-nav\">&rarr; <\/span><\/a><\/p>\n","protected":false},"author":11,"featured_media":0,"comment_status":"open","ping_status":"open","sticky":false,"template":"","format":"standard","meta":{"footnotes":""},"categories":[175],"tags":[62,42,113,118,54,20,25,45,170,163,85,83],"class_list":["post-10692","post","type-post","status-publish","format-standard","hentry","category-politik","tag-bedarfsgemeinschaft","tag-bundesagentur-fur-arbeit","tag-datenschutz","tag-diskriminierung","tag-erwerbslose","tag-hartz-iv","tag-jobcenter","tag-leiharbeit","tag-leistungsberechtigte","tag-niedriglohn","tag-sgb-ii","tag-soziales"],"_links":{"self":[{"href":"http:\/\/www.bg45.de\/index.php\/wp-json\/wp\/v2\/posts\/10692","targetHints":{"allow":["GET"]}}],"collection":[{"href":"http:\/\/www.bg45.de\/index.php\/wp-json\/wp\/v2\/posts"}],"about":[{"href":"http:\/\/www.bg45.de\/index.php\/wp-json\/wp\/v2\/types\/post"}],"author":[{"embeddable":true,"href":"http:\/\/www.bg45.de\/index.php\/wp-json\/wp\/v2\/users\/11"}],"replies":[{"embeddable":true,"href":"http:\/\/www.bg45.de\/index.php\/wp-json\/wp\/v2\/comments?post=10692"}],"version-history":[{"count":8,"href":"http:\/\/www.bg45.de\/index.php\/wp-json\/wp\/v2\/posts\/10692\/revisions"}],"predecessor-version":[{"id":10763,"href":"http:\/\/www.bg45.de\/index.php\/wp-json\/wp\/v2\/posts\/10692\/revisions\/10763"}],"wp:attachment":[{"href":"http:\/\/www.bg45.de\/index.php\/wp-json\/wp\/v2\/media?parent=10692"}],"wp:term":[{"taxonomy":"category","embeddable":true,"href":"http:\/\/www.bg45.de\/index.php\/wp-json\/wp\/v2\/categories?post=10692"},{"taxonomy":"post_tag","embeddable":true,"href":"http:\/\/www.bg45.de\/index.php\/wp-json\/wp\/v2\/tags?post=10692"}],"curies":[{"name":"wp","href":"https:\/\/api.w.org\/{rel}","templated":true}]}}