{"id":10624,"date":"2015-05-22T06:17:15","date_gmt":"2015-05-22T04:17:15","guid":{"rendered":"http:\/\/www.bg45.de\/?p=10624"},"modified":"2016-01-04T13:18:23","modified_gmt":"2016-01-04T12:18:23","slug":"mittelzusagen-an-die-jobcenter-werden-reduziert","status":"publish","type":"post","link":"http:\/\/www.bg45.de\/index.php\/10624\/mittelzusagen-an-die-jobcenter-werden-reduziert\/","title":{"rendered":"Mittelzusagen an die JobCenter werden reduziert"},"content":{"rendered":"<h3><a href=\"http:\/\/www.bg45.de\/wp-content\/uploads\/2015\/05\/Mittelzusagen.jpg\"><img loading=\"lazy\" decoding=\"async\" class=\"alignright size-medium wp-image-10625\" src=\"http:\/\/www.bg45.de\/wp-content\/uploads\/2015\/05\/Mittelzusagen-300x200.jpg\" alt=\"Mittelzusagen\" width=\"300\" height=\"200\" srcset=\"http:\/\/www.bg45.de\/wp-content\/uploads\/2015\/05\/Mittelzusagen-300x200.jpg 300w, http:\/\/www.bg45.de\/wp-content\/uploads\/2015\/05\/Mittelzusagen-1024x682.jpg 1024w, http:\/\/www.bg45.de\/wp-content\/uploads\/2015\/05\/Mittelzusagen-225x150.jpg 225w, http:\/\/www.bg45.de\/wp-content\/uploads\/2015\/05\/Mittelzusagen-150x100.jpg 150w, http:\/\/www.bg45.de\/wp-content\/uploads\/2015\/05\/Mittelzusagen.jpg 1280w\" sizes=\"auto, (max-width: 300px) 100vw, 300px\" \/><\/a>Mittelzusagen werden gek\u00fcrzt<\/h3>\n<p>Bundesarbeitsministerin Andrea Nahles will die Mittelzusagen an die JobCenter f\u00fcr die F\u00f6rderung und Qualifikation von &#8222;normalen&#8220; Leistungsberechtigten in den n\u00e4chsten drei Jahren um 750&nbsp;Millionen&nbsp;Euro k\u00fcrzen.<\/p>\n<p>Damit wird wohl dann ein Zustand erreicht, den man fast auch offiziell als das Ende des Prinzips F\u00f6rdern bezeichnen k\u00f6nnte. Und ob das angek\u00fcndigte Programm f\u00fcr die sog. &#8222;schwervermittelbaren&#8220; Leistungsberechtigten tats\u00e4chlich greifen wird, darf aus Erfahrung heraus bezweifelt werden.<\/p>\n<p><!--more--><\/p>\n<h4>Mittelzusagen und deren K\u00fcrzung<\/h4>\n<p>Dazu ein <span class=\"removed_link\" title=\"http:\/\/www.polenum.com\/politik_energie_umwelt_meinung\/nahles-kuerzt-mittelzusagen-fuer-jobcenter-um-750-millionen-euro\/\">Artikel<\/span> von polenum.de:<\/p>\n<blockquote><p>Politik Inland<\/p>\n<p><strong>Nahles k\u00fcrzt Mittelzusagen f\u00fcr Jobcenter um 750&nbsp;Millionen&nbsp;Euro<\/strong><\/p>\n<p>Ver\u00f6ffentlicht am 16.&nbsp;Mai&nbsp;2015 von Andreas Heegt<\/p>\n<p>Weil Arbeitsministerin Andrea&nbsp;Nahles (SPD) Geld f\u00fcr ihr Sonderprogramm f\u00fcr 43.000&nbsp;Langzeitarbeitslose braucht, bekommen die Jobcenter in den n\u00e4chsten drei&nbsp;Jahren rund 750&nbsp;Millionen Euro weniger an F\u00f6rdermitteln f\u00fcr die insgesamt 4,3&nbsp;Millionen erwerbsf\u00e4higen Hartz-IV-Empf\u00e4nger. Die K\u00fcrzungen der Mittelzusagen best\u00e4tigte das Bundesarbeitsministerium in einer der \u201cWelt\u201d vorliegenden Antwort auf eine Anfrage der gr\u00fcnen Arbeitsmarktpolitikerin Brigitte Pothmer. \u201cDie Spielr\u00e4ume der Jobcenter werden dadurch erheblich eingeschr\u00e4nkt\u201d, sagte Pothmer der \u201cWelt\u201d.<\/p>\n<p>Betroffen sind langfristige Ma\u00dfnahmen, etwa die mehrj\u00e4hrige Berufsausbildung von jungen Arbeitslosen. Denn f\u00fcr die Planung mehrj\u00e4hriger Ma\u00dfnahmen sind die Jobcenter auf Mittelzusagen f\u00fcr die kommenden Jahre angewiesen. Die gr\u00fcne Arbeitsmarktpolitikerin f\u00fcrchtet nun ein F\u00f6rderchaos in den Jobcentern. \u201cDie Nachricht ereilte die Jobcenter mitten in den Programm- und Finanzplanungen f\u00fcr die kommenden Jahre\u201d, sagte Pothmer. \u201cBeabsichtigte Ma\u00dfnahmen wurden damit von heute auf morgen infrage gestellt.\u201d Sie wirft dem Ministerium \u201ckommunikativen Dilettantismus\u201d vor, denn die Reduzierung der sogenannten Verpflichtungserm\u00e4chtigungen im Haushalt wurde ohne Vorank\u00fcndigung oder Absprache vorgenommen. Offizielle Proteste gegen die K\u00fcrzungen gibt es bereits aus Bremen und Nordrhein-Westfalen. Die Planungen der Jobcenter vor Ort w\u00fcrden massiv in Frage gestellt, kritisiert der Bremer Arbeitssenator Martin G\u00fcnther (SPD) in einen Brief an das Bundesarbeitsministerium. Die K\u00fcrzungen m\u00fcssten zur\u00fcckgenommen werden. (dts Nachrichtenagentur)<\/p><\/blockquote>\n<h4>Mittelzusagenk\u00fcrzung &#8211; Die Auswirkungen<\/h4>\n<p>Es war schon bisher aufgrund der ohnehin d\u00fcrftigen Mittelzusagen bei F\u00f6rderungsma\u00dfnahmen g\u00e4ngige Praxis der JobCenter nur Kosten f\u00fcr Aus- und Weiterbildungen zu \u00fcbernehmen, die max. 2&nbsp;Jahre dauern. Selbst das k\u00f6nnte dadurch vielfach auf dem Pr\u00fcfstand stehen.<\/p>\n<p>Wie in dem Bericht angerissen, wird durch die K\u00fcrzung bei den Mittelzusagen vermutlich wirklich ein F\u00f6rderchaos entstehen, das mehr einem Lottospiel gleicht. Zudem ist ja hinl\u00e4nglich bekannt, dass die F\u00f6rdermittel seitens der JobCenter nur zu gerne zweckentfremdet werden.<\/p>\n<blockquote><p><span style=\"color: #0000ff;\"><strong>\u00dcberheblichkeit ist der sicherste Weg zum Scheitern.<\/strong><\/span><\/p>\n<p>William Butler Yeats (1865 &#8211; 1939), irischer Dramatiker, Lyriker, Essayist und Autobiograph, erhielt 1923 den Nobelpreis f\u00fcr Literatur<\/p><\/blockquote>\n","protected":false},"excerpt":{"rendered":"<p>Mittelzusagen werden gek\u00fcrzt Bundesarbeitsministerin Andrea Nahles will die Mittelzusagen an die JobCenter f\u00fcr die F\u00f6rderung und Qualifikation von &#8222;normalen&#8220; Leistungsberechtigten in den n\u00e4chsten drei Jahren um 750&nbsp;Millionen&nbsp;Euro k\u00fcrzen. Damit wird wohl dann ein Zustand erreicht, den man fast auch offiziell als das Ende des Prinzips F\u00f6rdern bezeichnen k\u00f6nnte. Und ob&#8230; <a class=\"continue-reading-link\" href=\"http:\/\/www.bg45.de\/index.php\/10624\/mittelzusagen-an-die-jobcenter-werden-reduziert\/\"> Weiterlesen <span class=\"meta-nav\">&rarr; <\/span><\/a><\/p>\n","protected":false},"author":11,"featured_media":0,"comment_status":"open","ping_status":"open","sticky":false,"template":"","format":"standard","meta":{"footnotes":""},"categories":[175],"tags":[164,62,42,118,54,20,25,85,83],"class_list":["post-10624","post","type-post","status-publish","format-standard","hentry","category-politik","tag-arge","tag-bedarfsgemeinschaft","tag-bundesagentur-fur-arbeit","tag-diskriminierung","tag-erwerbslose","tag-hartz-iv","tag-jobcenter","tag-sgb-ii","tag-soziales"],"_links":{"self":[{"href":"http:\/\/www.bg45.de\/index.php\/wp-json\/wp\/v2\/posts\/10624","targetHints":{"allow":["GET"]}}],"collection":[{"href":"http:\/\/www.bg45.de\/index.php\/wp-json\/wp\/v2\/posts"}],"about":[{"href":"http:\/\/www.bg45.de\/index.php\/wp-json\/wp\/v2\/types\/post"}],"author":[{"embeddable":true,"href":"http:\/\/www.bg45.de\/index.php\/wp-json\/wp\/v2\/users\/11"}],"replies":[{"embeddable":true,"href":"http:\/\/www.bg45.de\/index.php\/wp-json\/wp\/v2\/comments?post=10624"}],"version-history":[{"count":5,"href":"http:\/\/www.bg45.de\/index.php\/wp-json\/wp\/v2\/posts\/10624\/revisions"}],"predecessor-version":[{"id":10863,"href":"http:\/\/www.bg45.de\/index.php\/wp-json\/wp\/v2\/posts\/10624\/revisions\/10863"}],"wp:attachment":[{"href":"http:\/\/www.bg45.de\/index.php\/wp-json\/wp\/v2\/media?parent=10624"}],"wp:term":[{"taxonomy":"category","embeddable":true,"href":"http:\/\/www.bg45.de\/index.php\/wp-json\/wp\/v2\/categories?post=10624"},{"taxonomy":"post_tag","embeddable":true,"href":"http:\/\/www.bg45.de\/index.php\/wp-json\/wp\/v2\/tags?post=10624"}],"curies":[{"name":"wp","href":"https:\/\/api.w.org\/{rel}","templated":true}]}}