{"id":10511,"date":"2015-04-30T13:44:06","date_gmt":"2015-04-30T11:44:06","guid":{"rendered":"http:\/\/www.bg45.de\/?p=10511"},"modified":"2015-05-01T03:47:05","modified_gmt":"2015-05-01T01:47:05","slug":"erwerbslosigkeit-in-essen-erneut-gestiegen","status":"publish","type":"post","link":"http:\/\/www.bg45.de\/index.php\/10511\/erwerbslosigkeit-in-essen-erneut-gestiegen\/","title":{"rendered":"Erwerbslosigkeit in Essen erneut gestiegen"},"content":{"rendered":"<h3><a href=\"http:\/\/www.bg45.de\/wp-content\/uploads\/2015\/04\/Erwerbslosigkeit.jpg\"><img loading=\"lazy\" decoding=\"async\" class=\"alignleft size-medium wp-image-10537\" src=\"http:\/\/www.bg45.de\/wp-content\/uploads\/2015\/04\/Erwerbslosigkeit-300x225.jpg\" alt=\"Erwerbslosigkeit\" width=\"300\" height=\"225\" srcset=\"http:\/\/www.bg45.de\/wp-content\/uploads\/2015\/04\/Erwerbslosigkeit-300x225.jpg 300w, http:\/\/www.bg45.de\/wp-content\/uploads\/2015\/04\/Erwerbslosigkeit-1024x768.jpg 1024w, http:\/\/www.bg45.de\/wp-content\/uploads\/2015\/04\/Erwerbslosigkeit-200x150.jpg 200w, http:\/\/www.bg45.de\/wp-content\/uploads\/2015\/04\/Erwerbslosigkeit-150x113.jpg 150w, http:\/\/www.bg45.de\/wp-content\/uploads\/2015\/04\/Erwerbslosigkeit.jpg 1280w\" sizes=\"auto, (max-width: 300px) 100vw, 300px\" \/><\/a>Erwerbslosigkeit in Essen wieder einmal angestiegen<\/h3>\n<p><strong>Auch im April 2015 ist in Essen die Zahl der tats\u00e4chlich erwerbslosen Personen gegen\u00fcber dem Vorjahresmonat gestiegen (46.398 + 325 gegen\u00fcber April 2014) und liegt inzwischen bei 16,0 Prozent.<\/strong><\/p>\n<p>W\u00e4hrend die offizielle Statistik \u2013 wie in den Vormonaten \u2013 einen leichten R\u00fcckgang der Erwerbslosigkeit suggeriert, zeigt sich bei genauerer Betrachtung, dass dieser Schein tr\u00fcgt. Der offiziell vermeldete \u201eR\u00fcckgang\u201c errechnet sich lediglich daraus, dass gro\u00dfe Gruppen erwerbsloser Personen von der offiziellen Statistik einfach nicht mehr mitgez\u00e4hlt werden. Im April diesen Jahres fielen in Essen insgesamt 11.203 Personen als aus der offiziellen Statistik. Diese Angaben finden sich in der Statistik der Bundesanstalt f\u00fcr Arbeit unter dem Punkt der so genannten \u201eUnterbesch\u00e4ftigung\u201c.<\/p>\n<p><!--more--><\/p>\n<h4>Erwerbslosigkeit in Essen im Detail<\/h4>\n<p><strong>So wurden im April diesen Jahres 3.910 Personen allein deshalb nicht mitgez\u00e4hlt, weil sie 58 Jahre und \u00e4lter sind<\/strong> (zum Vergleich: Dies waren im April 2013 \u201enur\u201c 1.949 Personen). Diese Zahl d\u00fcrfte in den kommenden Jahren aufgrund der demographischen Entwicklung weiter ansteigen, da die geburtenstarken Jahrg\u00e4nge 1955-1969 peu \u00e1 peu aus der offiziellen Statistik rausfallen werden.<\/p>\n<p>Problematisch ist, dass die Entwicklung in Essen erneut gegenl\u00e4ufig zum Bundestrend ist: W\u00e4hrend bundesweit die Erwerbslosenzahl inklusive der als \u201eunterbesch\u00e4ftigt\u201c geltenden Personen um -4,31 Prozent (im Vergleich zum Vorjahresmonat) zur\u00fcckgegangen ist, hat Essen erneut einen (leichten) Anstieg zu verzeichnen. Dies liegt vor allem an der Zahl der \u201eUnterbesch\u00e4ftigten\u201c, die in Essen um 10,04 Prozent deutlich gestiegen ist.<\/p>\n<p>Festzuhalten bleibt: 1. Der offiziell vermeldete \u201eR\u00fcckgang\u201c der Erwerbslosigkeit in Essen ist keiner. 2. Die offiziell vermeldeten Zahlen verschleiern die besonderen Probleme des Arbeitsmarktes in Essen.<\/p>\n<p><strong><a href=\"http:\/\/www.bg45.de\/wp-content\/uploads\/2015\/04\/Erwerbslosigkeit-Vergleich-Bund-Essen-Apr-20151.jpg\"><img loading=\"lazy\" decoding=\"async\" class=\"alignnone size-medium wp-image-10517\" src=\"http:\/\/www.bg45.de\/wp-content\/uploads\/2015\/04\/Erwerbslosigkeit-Vergleich-Bund-Essen-Apr-20151-300x170.jpg\" alt=\"Erwerbslosigkeit Vergleich Bund - Essen Apr 2015\" width=\"300\" height=\"170\" srcset=\"http:\/\/www.bg45.de\/wp-content\/uploads\/2015\/04\/Erwerbslosigkeit-Vergleich-Bund-Essen-Apr-20151-300x170.jpg 300w, http:\/\/www.bg45.de\/wp-content\/uploads\/2015\/04\/Erwerbslosigkeit-Vergleich-Bund-Essen-Apr-20151-250x142.jpg 250w, http:\/\/www.bg45.de\/wp-content\/uploads\/2015\/04\/Erwerbslosigkeit-Vergleich-Bund-Essen-Apr-20151-150x85.jpg 150w, http:\/\/www.bg45.de\/wp-content\/uploads\/2015\/04\/Erwerbslosigkeit-Vergleich-Bund-Essen-Apr-20151.jpg 640w\" sizes=\"auto, (max-width: 300px) 100vw, 300px\" \/><\/a> <a href=\"http:\/\/www.bg45.de\/wp-content\/uploads\/2015\/04\/Erwerbslosigkeit-in-Essen-Apr-2015.jpg\"><img loading=\"lazy\" decoding=\"async\" class=\"alignnone size-medium wp-image-10514\" src=\"http:\/\/www.bg45.de\/wp-content\/uploads\/2015\/04\/Erwerbslosigkeit-in-Essen-Apr-2015-300x266.jpg\" alt=\"Erwerbslosigkeit in Essen Apr 2015\" width=\"300\" height=\"266\" srcset=\"http:\/\/www.bg45.de\/wp-content\/uploads\/2015\/04\/Erwerbslosigkeit-in-Essen-Apr-2015-300x266.jpg 300w, http:\/\/www.bg45.de\/wp-content\/uploads\/2015\/04\/Erwerbslosigkeit-in-Essen-Apr-2015-169x150.jpg 169w, http:\/\/www.bg45.de\/wp-content\/uploads\/2015\/04\/Erwerbslosigkeit-in-Essen-Apr-2015-150x133.jpg 150w, http:\/\/www.bg45.de\/wp-content\/uploads\/2015\/04\/Erwerbslosigkeit-in-Essen-Apr-2015.jpg 687w\" sizes=\"auto, (max-width: 300px) 100vw, 300px\" \/><\/a><\/strong><\/p>\n","protected":false},"excerpt":{"rendered":"<p>Erwerbslosigkeit in Essen wieder einmal angestiegen Auch im April 2015 ist in Essen die Zahl der tats\u00e4chlich erwerbslosen Personen gegen\u00fcber dem Vorjahresmonat gestiegen (46.398 + 325 gegen\u00fcber April 2014) und liegt inzwischen bei 16,0 Prozent. W\u00e4hrend die offizielle Statistik \u2013 wie in den Vormonaten \u2013 einen leichten R\u00fcckgang der Erwerbslosigkeit&#8230; <a class=\"continue-reading-link\" href=\"http:\/\/www.bg45.de\/index.php\/10511\/erwerbslosigkeit-in-essen-erneut-gestiegen\/\"> Weiterlesen <span class=\"meta-nav\">&rarr; <\/span><\/a><\/p>\n","protected":false},"author":13,"featured_media":0,"comment_status":"open","ping_status":"open","sticky":false,"template":"","format":"standard","meta":{"footnotes":""},"categories":[6],"tags":[25,134,85,150],"class_list":["post-10511","post","type-post","status-publish","format-standard","hentry","category-essen","tag-jobcenter","tag-langzeitarbeitslose","tag-sgb-ii","tag-statistik"],"_links":{"self":[{"href":"http:\/\/www.bg45.de\/index.php\/wp-json\/wp\/v2\/posts\/10511","targetHints":{"allow":["GET"]}}],"collection":[{"href":"http:\/\/www.bg45.de\/index.php\/wp-json\/wp\/v2\/posts"}],"about":[{"href":"http:\/\/www.bg45.de\/index.php\/wp-json\/wp\/v2\/types\/post"}],"author":[{"embeddable":true,"href":"http:\/\/www.bg45.de\/index.php\/wp-json\/wp\/v2\/users\/13"}],"replies":[{"embeddable":true,"href":"http:\/\/www.bg45.de\/index.php\/wp-json\/wp\/v2\/comments?post=10511"}],"version-history":[{"count":6,"href":"http:\/\/www.bg45.de\/index.php\/wp-json\/wp\/v2\/posts\/10511\/revisions"}],"predecessor-version":[{"id":10536,"href":"http:\/\/www.bg45.de\/index.php\/wp-json\/wp\/v2\/posts\/10511\/revisions\/10536"}],"wp:attachment":[{"href":"http:\/\/www.bg45.de\/index.php\/wp-json\/wp\/v2\/media?parent=10511"}],"wp:term":[{"taxonomy":"category","embeddable":true,"href":"http:\/\/www.bg45.de\/index.php\/wp-json\/wp\/v2\/categories?post=10511"},{"taxonomy":"post_tag","embeddable":true,"href":"http:\/\/www.bg45.de\/index.php\/wp-json\/wp\/v2\/tags?post=10511"}],"curies":[{"name":"wp","href":"https:\/\/api.w.org\/{rel}","templated":true}]}}