{"id":10491,"date":"2015-04-28T05:59:01","date_gmt":"2015-04-28T03:59:01","guid":{"rendered":"http:\/\/www.bg45.de\/?p=10491"},"modified":"2015-04-28T05:59:01","modified_gmt":"2015-04-28T03:59:01","slug":"augsburg-und-die-staedtische-puppenkiste","status":"publish","type":"post","link":"http:\/\/www.bg45.de\/index.php\/10491\/augsburg-und-die-staedtische-puppenkiste\/","title":{"rendered":"Augsburg &#8211; Und die st\u00e4dtische Puppenkiste"},"content":{"rendered":"<h3><a href=\"http:\/\/www.bg45.de\/wp-content\/uploads\/2015\/04\/AugsburgII.jpg\"><img loading=\"lazy\" decoding=\"async\" class=\"alignleft size-medium wp-image-10492\" src=\"http:\/\/www.bg45.de\/wp-content\/uploads\/2015\/04\/AugsburgII-225x300.jpg\" alt=\"AugsburgII\" width=\"225\" height=\"300\" srcset=\"http:\/\/www.bg45.de\/wp-content\/uploads\/2015\/04\/AugsburgII-225x300.jpg 225w, http:\/\/www.bg45.de\/wp-content\/uploads\/2015\/04\/AugsburgII-768x1024.jpg 768w, http:\/\/www.bg45.de\/wp-content\/uploads\/2015\/04\/AugsburgII-113x150.jpg 113w, http:\/\/www.bg45.de\/wp-content\/uploads\/2015\/04\/AugsburgII.jpg 960w\" sizes=\"auto, (max-width: 225px) 100vw, 225px\" \/><\/a>Augsburg &#8211; Albtraumstadt f\u00fcr Leistungsberechtigte<\/h3>\n<p>In Augsburg herrschen anscheinend mittlerweile Verh\u00e4ltnisse f\u00fcr SGB&nbsp;II-Leistungsberechtigte (Hartz&nbsp;IV-Berechtigte) die, h\u00f6flich formuliert, in Anlehnung an eine eigentlich positiv ber\u00fchmte Institution der Stadt die dann negativ gemeinte Bezeichnung &#8222;St\u00e4dtische Augsburger Puppenkiste&#8220; verdienen.<\/p>\n<p>Dabei war Augsburg die Heimatstadt des gr\u00f6\u00dften mittelalterlichen Potentaten, Jakob Fugger. Dessen Andenken zu bewahren, w\u00e4re eigentlich eine Verpflichtung der Stadtoberen Augsburgs. Historisch kann man Jakob Fugger sehen wie man will, jedenfalls hat er als der wenigen Superreichen seiner Zeit auch an die damaligen Armen und Bed\u00fcrftigen seiner Stadt gedacht und die Fuggerei gegr\u00fcndet.<\/p>\n<p>Was die heutige Augsburger Stadtelite mit den heutigen Augsburger Einkommensschwachen betreibt, tritt sein Andenken in dieser Richtung schlichtweg mit den F\u00fcssen.<\/p>\n<h4><!--more-->Augsburg &#8211; Die regionale Berichterstattung<\/h4>\n<p>Zu den skandal\u00f6sen Zust\u00e4nden rund um das Augsburger JobCenter zitieren wir einen <a href=\"http:\/\/www.augsburger-allgemeine.de\/augsburg\/Hoffnung-fuer-Hartz-IV-Empfaenger-id33812302.html\" target=\"_blank\" rel=\"noopener\">Artikel<\/a> der Augsburger Allgemeinen Zeitung:<\/p>\n<blockquote><p>Augsburg &#8211; Stadt<\/p>\n<p><strong>Hoffnung f\u00fcr Hartz-IV-Empf\u00e4nger<\/strong><\/p>\n<p>Weil die Mitarbeiter im Jobcenter \u00fcberlastet sind, m\u00fcssen Betroffene lange auf ihr Geld warten. Die Stadt macht ihnen jetzt Hoffnung. Von Eva Maria Knab<\/p>\n<p>Knapp 1000 Antr\u00e4ge auf Hartz&nbsp;IV, die noch bearbeitet werden m\u00fcssen, stauen sich im Augsburger Jobcenter. Sozialreferent Stefan Kiefer reagierte gestern auf Kritik von Betroffenen, die teilweise Monate auf ihr Geld warten m\u00fcssen. \u201eWir werden vor Ort alles tun, um die Situation zu verbessern\u201c, verspricht er.<\/p>\n<p>Das Augsburger Jobcenter hat, wie alle Hartz-IV-Beh\u00f6rden in Deutschland, Probleme wegen eines neuen Computersystems und eines Vier-Augen-Kontrollprinzips, die viel Zeit fressen. Antr\u00e4ge stauen sich, Mitarbeiter sind \u00fcberlastet. Er wolle nichts besch\u00f6nigen, sagte Kiefer. Die Tr\u00e4gerversammlung des Centers, die sich aus Vertretern von Stadt und Arbeitsagentur zusammensetzt, habe aber inzwischen reagiert. Mitarbeitern, die wegen der Probleme gehen wollten, seien Alternativen im Center geboten worden. Zwei habe man halten k\u00f6nnen. Zehn neue Kollegen seien gekommen. Auch Mitarbeiter aus anderen Bereichen des Jobcenters seien im Leistungsbereich eingesetzt, um die Bearbeitung zu beschleunigen. Allerdings verlie\u00dfen auch 14 Mitarbeiter das Jobcenter.<\/p>\n<p>Um den Antragsstau m\u00f6glichst schnell abzubauen, sei derzeit auch eine Mitarbeiterin aus dem Asylbereich f\u00fcr zwei Tage ans Jobcenter ausgeliehen\u201c, sagt Kiefer. \u201eDabei k\u00f6nnten wir sie selbst dringend gebrauchen.\u201c Dar\u00fcber hinaus sei das Jobcenter an der August-Wessels-Stra\u00dfe vorerst freitags geschlossen, damit die Besch\u00e4ftigten effektiv Antr\u00e4ge abarbeiten k\u00f6nnen.<\/p>\n<p>Kiefer sagte weiter, er sei im M\u00e4rz zusammen mit den Sozialreferenten aus M\u00fcnchen und N\u00fcrnberg bei der Regionaldirektion der Arbeitsagentur in N\u00fcrnberg vorstellig geworden, um die Probleme anzusprechen. Dort habe er aber lediglich die Aussage bekommen, das Vier-Augen-Prinzip solle nunmehr \u201emodifiziert\u201c angewandt werden.<\/p>\n<p>\u201eDie Kernprobleme kommen aus Berlin\u201c, betont Kiefer. Andererseits sei man in Augsburg dabei, den Antragsstau zu beheben. Er will Betroffenen auch Hoffnung machen. \u201eEs ist eine Frage von Wochen, bis wieder Normalzust\u00e4nde in der Bewilligung herrschen.\u201c<\/p><\/blockquote>\n<h4>Augsburg &#8211; Albtraum f\u00fcr Leistungsberechtigte<\/h4>\n<p>Bundesweit geh\u00f6rt Augsburg mittlerweile zu den St\u00e4dten, die ihre Leistungsberechtigte auch \u00f6ffentlich und bei all ihren Handlungen anscheinend als leider notwendiges, aber nutzloses \u00dcbel betrachtet. Wir erinnern an die Politposse um das Sozialticket, bei dessen ersten Anlauf Leistungsberechtigte nach dem SGB&nbsp;II von diesem ausgegrenzt worden waren.<\/p>\n<p>Und zu behaupten, dass die Kernprobleme ausschlie\u00dflich alleine aus Berlin k\u00e4men, ist eine banale L\u00fcge. Die Stadt Augsburg hat ein hausgemachtes Problem mit ihrem JobCenter. Man braucht dazu nur den Artikel genau zu lesen.<\/p>\n<blockquote><p><span style=\"color: #0000ff;\"><strong>Wer die Wahrheit nicht wei\u00df, der ist blo\u00df ein Dummkopf. Aber wer sie wei\u00df und sie eine L\u00fcge nennt, der ist ein Verbrecher.<\/strong><\/span><\/p>\n<p>Bertolt Brecht<\/p><\/blockquote>\n","protected":false},"excerpt":{"rendered":"<p>Augsburg &#8211; Albtraumstadt f\u00fcr Leistungsberechtigte In Augsburg herrschen anscheinend mittlerweile Verh\u00e4ltnisse f\u00fcr SGB&nbsp;II-Leistungsberechtigte (Hartz&nbsp;IV-Berechtigte) die, h\u00f6flich formuliert, in Anlehnung an eine eigentlich positiv ber\u00fchmte Institution der Stadt die dann negativ gemeinte Bezeichnung &#8222;St\u00e4dtische Augsburger Puppenkiste&#8220; verdienen. Dabei war Augsburg die Heimatstadt des gr\u00f6\u00dften mittelalterlichen Potentaten, Jakob Fugger. Dessen Andenken zu&#8230; <a class=\"continue-reading-link\" href=\"http:\/\/www.bg45.de\/index.php\/10491\/augsburg-und-die-staedtische-puppenkiste\/\"> Weiterlesen <span class=\"meta-nav\">&rarr; <\/span><\/a><\/p>\n","protected":false},"author":11,"featured_media":0,"comment_status":"open","ping_status":"open","sticky":false,"template":"","format":"standard","meta":{"footnotes":""},"categories":[10],"tags":[164,161,212,42,118,20,69,25,85,83],"class_list":["post-10491","post","type-post","status-publish","format-standard","hentry","category-medien","tag-arge","tag-armut","tag-ausbeutung","tag-bundesagentur-fur-arbeit","tag-diskriminierung","tag-hartz-iv","tag-hartz4-berechtigten","tag-jobcenter","tag-sgb-ii","tag-soziales"],"_links":{"self":[{"href":"http:\/\/www.bg45.de\/index.php\/wp-json\/wp\/v2\/posts\/10491","targetHints":{"allow":["GET"]}}],"collection":[{"href":"http:\/\/www.bg45.de\/index.php\/wp-json\/wp\/v2\/posts"}],"about":[{"href":"http:\/\/www.bg45.de\/index.php\/wp-json\/wp\/v2\/types\/post"}],"author":[{"embeddable":true,"href":"http:\/\/www.bg45.de\/index.php\/wp-json\/wp\/v2\/users\/11"}],"replies":[{"embeddable":true,"href":"http:\/\/www.bg45.de\/index.php\/wp-json\/wp\/v2\/comments?post=10491"}],"version-history":[{"count":8,"href":"http:\/\/www.bg45.de\/index.php\/wp-json\/wp\/v2\/posts\/10491\/revisions"}],"predecessor-version":[{"id":10500,"href":"http:\/\/www.bg45.de\/index.php\/wp-json\/wp\/v2\/posts\/10491\/revisions\/10500"}],"wp:attachment":[{"href":"http:\/\/www.bg45.de\/index.php\/wp-json\/wp\/v2\/media?parent=10491"}],"wp:term":[{"taxonomy":"category","embeddable":true,"href":"http:\/\/www.bg45.de\/index.php\/wp-json\/wp\/v2\/categories?post=10491"},{"taxonomy":"post_tag","embeddable":true,"href":"http:\/\/www.bg45.de\/index.php\/wp-json\/wp\/v2\/tags?post=10491"}],"curies":[{"name":"wp","href":"https:\/\/api.w.org\/{rel}","templated":true}]}}