{"id":10483,"date":"2015-04-27T05:52:20","date_gmt":"2015-04-27T03:52:20","guid":{"rendered":"http:\/\/www.bg45.de\/?p=10483"},"modified":"2016-01-04T13:18:28","modified_gmt":"2016-01-04T12:18:28","slug":"kosten-pro-leistungsberechtigten-statistik","status":"publish","type":"post","link":"http:\/\/www.bg45.de\/index.php\/10483\/kosten-pro-leistungsberechtigten-statistik\/","title":{"rendered":"Kosten pro Leistungsberechtigten &#8211; Statistik"},"content":{"rendered":"<h3><a href=\"http:\/\/www.bg45.de\/wp-content\/uploads\/2015\/04\/Kosten.jpg\"><img loading=\"lazy\" decoding=\"async\" class=\"alignright size-medium wp-image-10484\" src=\"http:\/\/www.bg45.de\/wp-content\/uploads\/2015\/04\/Kosten-300x225.jpg\" alt=\"Kosten\" width=\"300\" height=\"225\" srcset=\"http:\/\/www.bg45.de\/wp-content\/uploads\/2015\/04\/Kosten-300x225.jpg 300w, http:\/\/www.bg45.de\/wp-content\/uploads\/2015\/04\/Kosten-1024x767.jpg 1024w, http:\/\/www.bg45.de\/wp-content\/uploads\/2015\/04\/Kosten-200x150.jpg 200w, http:\/\/www.bg45.de\/wp-content\/uploads\/2015\/04\/Kosten-150x112.jpg 150w, http:\/\/www.bg45.de\/wp-content\/uploads\/2015\/04\/Kosten.jpg 1280w\" sizes=\"auto, (max-width: 300px) 100vw, 300px\" \/><\/a>Kosten der Verwaltung der Erwerbslosigkeit<\/h3>\n<p>Die Erfassung von Kosten ist ein verwaltungstechnisches \u00dcbel. So auch die Ermittlung der durchschnittlichen Kosten der Verwaltung je SGB&nbsp;II-Leistungsberechtigtem. Wie in Deutschland \u00fcblich, wird hier\u00fcber auch statistisch Buch gef\u00fchrt. Zwar m\u00f6gen solche statistischen Erfassungen zur Absch\u00e4tzung der ben\u00f6tigten Geldmittel notwendig sein, jedoch haben sie einen bitteren Beigeschmack. Denn so wird aus einem Menschen eine statistische Zahl.<\/p>\n<p>Allerdings zeigen die Zahlen auch die Auswirkungen der komplexen rechtlichen Lage durch das SGB&nbsp;II. Durch die zahlreichen \u00c4nderungen und Gerichtsurteile steigt der Personal- und Verwaltungsaufwand in den JobCentern seit Jahren kontinuierlich.<\/p>\n<p><!--more--><\/p>\n<h4>Kosten der Verwaltung &#8211; Die Berichterstattung<\/h4>\n<p>Zur Einf\u00fchrung in das Thema greifen wir auf einen <span class=\"removed_link\" title=\"http:\/\/www.polenum.com\/politik_energie_umwelt_meinung\/betreuungskosten-fuer-hartz-iv-empfaenger-steigen-auf-rekordhoch\/\">Bericht<\/span> des Internet-Portals polenum.de zur\u00fcck:<\/p>\n<blockquote><p>Politik Inland<\/p>\n<p><strong>Betreuungskosten f\u00fcr Hartz-IV-Empf\u00e4nger steigen auf Rekordhoch<\/strong><br \/>\nVer\u00f6ffentlicht am 27.&nbsp;April&nbsp;2015 von Andreas Heegt<\/p>\n<p>Die Betreuung von Hartz-IV-Empf\u00e4ngern durch die Jobcenter ist so teuer wie nie zuvor. Wie \u201cBild\u201d (Montag) unter Berufung auf eine Antwort des Bundesarbeitsministeriums auf eine Anfrage der Gr\u00fcnen berichtet, fielen im vergangenen Jahr pro erwerbsf\u00e4higem Hartz-Empf\u00e4nger 1.069&nbsp;Euro Verwaltungskosten an. Das sei ein neuer H\u00f6chststand.<\/p>\n<p>Ein Jahr zuvor lagen die Kosten noch bei 1.016&nbsp;Euro im Jahr. Gegen\u00fcber 2011 (940&nbsp;Euro) sind die Kosten sogar um 129&nbsp;Euro gestiegen. Der Bund zahlte demnach 2014 insgesamt rund 4,7&nbsp;Milliarden Euro an Hartz-Verwaltungskosten, ungef\u00e4hr 200&nbsp;Millionen Euro mehr als im Vorjahr. In den Jobcentern k\u00fcmmerten 45.996 Mitarbeiter um die Hartz-Empf\u00e4nger. Im Durchschnitt betreute jeder von ihnen 111&nbsp;Arbeitslosengeld-II-Empf\u00e4nger. Die Betreuungsschl\u00fcssel in den Jobcentern differieren allerdings sehr stark. In Flensburg kamen auf einen Mitarbeiter 153&nbsp;Hartz-Empf\u00e4nger, in Coburg waren es dagegen nur 73&nbsp;pro Mitarbeiter. (dts Nachrichtenagentur)<\/p><\/blockquote>\n<h4>Kosten der Verwaltung &#8211; Die Ern\u00fcchterung<\/h4>\n<p>Wie dem Bericht zu entnehmen ist, zeigt er aber selbst bei den Kosten nur die halbe Wahrheit. Denn es wird ausdr\u00fccklich von durchschnittlichen Verwaltungskosten je <strong>erwerbsf\u00e4higem<\/strong> Leistungsberechtigten gesprochen. D.h. Kinder unter 15&nbsp;Jahren, die in SGB&nbsp;II-Bedarfsgemeinschaften leben, werden anscheinend in dieser Statistik nicht miterfasst. Welche weiteren Leistungsberechtigten noch ausgeschlossen wurden, wollen wir an dieser Stelle nicht weiter nachvollziehen. Es ist offensichtlich das hier auch Augenwischerei betrieben wird, um so die tats\u00e4chlichen Kosten zu verschleiern.<\/p>\n<blockquote><p><span style=\"color: #008000;\"><strong>Zwar hat der Mensch zwei Beine, doch kann er nur einen Weg gehen.<\/strong><\/span><\/p>\n<p>Afrikanisches Sprichwort<\/p><\/blockquote>\n","protected":false},"excerpt":{"rendered":"<p>Kosten der Verwaltung der Erwerbslosigkeit Die Erfassung von Kosten ist ein verwaltungstechnisches \u00dcbel. So auch die Ermittlung der durchschnittlichen Kosten der Verwaltung je SGB&nbsp;II-Leistungsberechtigtem. Wie in Deutschland \u00fcblich, wird hier\u00fcber auch statistisch Buch gef\u00fchrt. Zwar m\u00f6gen solche statistischen Erfassungen zur Absch\u00e4tzung der ben\u00f6tigten Geldmittel notwendig sein, jedoch haben sie einen&#8230; <a class=\"continue-reading-link\" href=\"http:\/\/www.bg45.de\/index.php\/10483\/kosten-pro-leistungsberechtigten-statistik\/\"> Weiterlesen <span class=\"meta-nav\">&rarr; <\/span><\/a><\/p>\n","protected":false},"author":11,"featured_media":0,"comment_status":"open","ping_status":"open","sticky":false,"template":"","format":"standard","meta":{"footnotes":""},"categories":[10],"tags":[164,161,62,42,118,171,20,69,25,170,85,83],"class_list":["post-10483","post","type-post","status-publish","format-standard","hentry","category-medien","tag-arge","tag-armut","tag-bedarfsgemeinschaft","tag-bundesagentur-fur-arbeit","tag-diskriminierung","tag-eckregelsaetze","tag-hartz-iv","tag-hartz4-berechtigten","tag-jobcenter","tag-leistungsberechtigte","tag-sgb-ii","tag-soziales"],"_links":{"self":[{"href":"http:\/\/www.bg45.de\/index.php\/wp-json\/wp\/v2\/posts\/10483","targetHints":{"allow":["GET"]}}],"collection":[{"href":"http:\/\/www.bg45.de\/index.php\/wp-json\/wp\/v2\/posts"}],"about":[{"href":"http:\/\/www.bg45.de\/index.php\/wp-json\/wp\/v2\/types\/post"}],"author":[{"embeddable":true,"href":"http:\/\/www.bg45.de\/index.php\/wp-json\/wp\/v2\/users\/11"}],"replies":[{"embeddable":true,"href":"http:\/\/www.bg45.de\/index.php\/wp-json\/wp\/v2\/comments?post=10483"}],"version-history":[{"count":4,"href":"http:\/\/www.bg45.de\/index.php\/wp-json\/wp\/v2\/posts\/10483\/revisions"}],"predecessor-version":[{"id":10865,"href":"http:\/\/www.bg45.de\/index.php\/wp-json\/wp\/v2\/posts\/10483\/revisions\/10865"}],"wp:attachment":[{"href":"http:\/\/www.bg45.de\/index.php\/wp-json\/wp\/v2\/media?parent=10483"}],"wp:term":[{"taxonomy":"category","embeddable":true,"href":"http:\/\/www.bg45.de\/index.php\/wp-json\/wp\/v2\/categories?post=10483"},{"taxonomy":"post_tag","embeddable":true,"href":"http:\/\/www.bg45.de\/index.php\/wp-json\/wp\/v2\/tags?post=10483"}],"curies":[{"name":"wp","href":"https:\/\/api.w.org\/{rel}","templated":true}]}}