{"id":10418,"date":"2015-04-25T05:55:19","date_gmt":"2015-04-25T03:55:19","guid":{"rendered":"http:\/\/www.bg45.de\/?p=10418"},"modified":"2020-08-14T12:22:12","modified_gmt":"2020-08-14T10:22:12","slug":"arbeitnehmer-atypische-beschaeftigung-nimmt-zu","status":"publish","type":"post","link":"http:\/\/www.bg45.de\/index.php\/10418\/arbeitnehmer-atypische-beschaeftigung-nimmt-zu\/","title":{"rendered":"Arbeitnehmer &#8211; Atypische Besch\u00e4ftigung nimmt zu"},"content":{"rendered":"<h3><a href=\"http:\/\/www.bg45.de\/wp-content\/uploads\/2015\/04\/Arbeitnehmer.png\"><img loading=\"lazy\" decoding=\"async\" class=\"alignright size-medium wp-image-10426\" src=\"http:\/\/www.bg45.de\/wp-content\/uploads\/2015\/04\/Arbeitnehmer-300x264.png\" alt=\"Arbeitnehmer\" width=\"300\" height=\"264\" srcset=\"http:\/\/www.bg45.de\/wp-content\/uploads\/2015\/04\/Arbeitnehmer-300x264.png 300w, http:\/\/www.bg45.de\/wp-content\/uploads\/2015\/04\/Arbeitnehmer-1024x902.png 1024w, http:\/\/www.bg45.de\/wp-content\/uploads\/2015\/04\/Arbeitnehmer-170x150.png 170w, http:\/\/www.bg45.de\/wp-content\/uploads\/2015\/04\/Arbeitnehmer-150x132.png 150w, http:\/\/www.bg45.de\/wp-content\/uploads\/2015\/04\/Arbeitnehmer.png 1280w\" sizes=\"auto, (max-width: 300px) 100vw, 300px\" \/><\/a>Arbeitnehmer immer mehr von atypischer Besch\u00e4ftigung betroffen<\/h3>\n<p>Seit Jahren steigt die Zahl der in sog. <a title=\"Wirtschaftslexikon Gabler \/ Erkl\u00e4rung\" href=\"http:\/\/wirtschaftslexikon.gabler.de\/Definition\/atypische-beschaeftigung.html\" target=\"_blank\" rel=\"noopener noreferrer\">atypischen\u00a0Besch\u00e4ftigungsverh\u00e4ltnissen<\/a> t\u00e4tigen Arbeitnehmer kontinuierlich. Was bisher von vielen lediglich so empfunden wurde, wurde jetzt aufgrund einer Anfrage der Bundestagsfraktion der Linken durch das Bundesarbeitsministerium offiziell einger\u00e4umt.<\/p>\n<p>Hintergrund ist eine aktuelle Studie des WSI (Wirtschafts- und Sozialwissenschaftliches Institut) der Hans-B\u00f6ckler-Stiftung zu der Anzahl und &#8222;Verteilung&#8220; von Arbeitnehmern in atypischen und <a title=\"Definition Wikipedia prek\u00e4re Besch\u00e4ftigung\" href=\"http:\/\/de.wikipedia.org\/wiki\/Prekariat\" target=\"_blank\" rel=\"noopener noreferrer\">prek\u00e4ren<\/a> Besch\u00e4ftigungsverh\u00e4ltnissen.<\/p>\n<p><!--more--><\/p>\n<h4>Arbeitnehmer und die harten Fakten<\/h4>\n<p>Nunmehr ist es offiziell: Seit der Einf\u00fchrung des SGB\u00a0II (Hartz\u00a0IV) stieg die Anzahl der atypischen Besch\u00e4ftigungsverh\u00e4ltnisse um mehr als 2\u00a0Millionen. Mit anderen Worten: \u00dcber 2\u00a0Millionen Arbeitnehmer mussten sich seit 2005 in Arbeitsverh\u00e4ltnissen verdingen, die kaum ein eigenwirtschaftliches \u00dcberleben erm\u00f6glichen.<\/p>\n<p>Das sind die direkten Auswirkungen der \u00a7\u00a02\u00a0Abs.\u00a0Satz\u00a01 (Grundsatz des Forderns), \u00a7\u00a010 (Zumutbarkeit) und \u00a7\u00a015 (EGV) SGB\u00a0II. Die daf\u00fcr sorgen, dass Leistungsberechtigte unter Androhung von seelischer Gewalt (= Entzug oder Minderung der Unterst\u00fctzungsleistungen) nahezu jede Arbeit annehmen m\u00fcssen.<\/p>\n<p>Stellvertretend f\u00fcr viele andere Presseberichte \u00fcber die Tatsache, dass immer mehr Arbeitnehmer in atypischer Besch\u00e4ftigung gefangen sind, haben wir den <a title=\"n-tv.de \/ Bericht\" href=\"http:\/\/www.n24.de\/n24\/Nachrichten\/Wirtschaft\/d\/6509578\/immer-weniger-deutsche-arbeiten-in-regulaeren-jobs.html\" target=\"_blank\" rel=\"noopener noreferrer\">Artikel<\/a> von n-tv.de herausgegriffen:<\/p>\n<blockquote><p>Atypische Besch\u00e4ftigung: Immer weniger Deutsche arbeiten in regul\u00e4ren Jobs<\/p>\n<p><strong>\u00dcber sieben Millionen Deutsche haben keinen regul\u00e4ren Job &#8211; stattdessen sind sie befristet, in Teilzeit oder geringf\u00fcgig besch\u00e4ftigt. Die Linke kritisiert nun vergangene Reformen als wirkungslos.<\/strong><\/p>\n<p>Immer mehr Menschen in Deutschland arbeiten nicht in regul\u00e4ren Jobs: Die Zahl der betroffenen Arbeitnehmer stieg binnen 20 Jahren um mehr als 70 Prozent. Sie sind befristet, in Teilzeit mit 20 oder weniger Wochenstunden, Zeitarbeit oder geringf\u00fcgig besch\u00e4ftigt. Das geht aus der Antwort des Bundesarbeitsministeriums auf eine Anfrage der Fraktion der Linken hervor, die der Deutschen Presse-Agentur in Berlin vorliegt.<\/p>\n<p><span style=\"color: #0000ff;\"><strong>1993 waren noch 4,4\u00a0Millionen Arbeitnehmer atypisch besch\u00e4ftigt &#8211; 2013 bereits 7,6\u00a0Millionen. Demgegen\u00fcber ist der Anteil der Normalarbeitnehmer an den Erwerbst\u00e4tigen in dem Zeitraum von 76,8 auf 67,5\u00a0Prozent gesunken. So waren es 1993 noch 25,9\u00a0Millionen Arbeitnehmer in Vollzeit oder Teilzeit mit einer Wochenarbeitszeit von mindestens 21 Stunden, einem unbefristeten Job sowie einer vollen sozialen Absicherung. Die Zahl sank bis 2005 auf 22,1\u00a0Millionen.<\/strong><\/span><\/p>\n<div class=\"rich_text_content\">\n<p><span style=\"color: #0000ff;\"><strong>In dem Jahr trat die Hartz-IV-Reform in Kraft. Bis 2013 stieg die Zahl der Normalarbeitnehmer wieder auf 24,06\u00a0Millionen &#8211; binnen 20\u00a0Jahren ist das aber immer noch ein R\u00fcckgang um 7,2\u00a0Prozent. Der Anteil der atypisch Besch\u00e4ftigten stieg in der Zeit den Angaben zufolge von 13,1 auf 21,4\u00a0Prozent. Der Anteil der Normalarbeitnehmer sank von 76,8 auf 67,5\u00a0Prozent. Dass es insgesamt mehr abh\u00e4ngig Besch\u00e4ftigte gibt, ist vor allem auf die immer weitere Verbreitung von Teilzeitjobs zur\u00fcckzuf\u00fchren. 2013 arbeitete demnach fast jeder Vierte in Teilzeit.<\/strong><\/span><\/p>\n<p>Die Linke-Arbeitsmarktexpertin Jutta Krellmann, die die Anfrage gestellt hatte, sagte der Deutschen Presse-Agentur: &#8222;Nun ist es amtlich: 20\u00a0Jahre Reformen am Arbeitsmarkt haben f\u00fcr mehr Besch\u00e4ftigung gar nichts gebracht.&#8220; Es gebe heute genau so viel Arbeit wie 1994. &#8222;Nur mehr Menschen teilen sich den gleichen Umfang &#8211; aber zu deutlich schlechteren Bedingungen.&#8220;<\/p>\n<p>Heute litten Besch\u00e4ftigte unter erzwungener Teilzeit, Minijobs, Befristungen und Leiharbeit. &#8222;Regul\u00e4re Vollzeit-Jobs kennen junge Leute nur noch aus Erz\u00e4hlungen.&#8220; Arbeit m\u00fcsse wieder sicher werden, tariflich bezahlt, und sie m\u00fcsse Mitgestaltung bieten, forderte die Politikerin.<\/p>\n<\/div>\n<\/blockquote>\n<div class=\"rich_text_content\">\n<h4>Arbeitnehmer und die atypische Besch\u00e4ftigung<\/h4>\n<p>Wie sich die atypische Besch\u00e4ftigung der Arbeitnehmer in Deutschland verteilt, kann der folgenden Graphik des WSI entnommen werden:<\/p>\n<p style=\"text-align: center;\"><a href=\"http:\/\/www.bg45.de\/wp-content\/uploads\/2015\/04\/ArbeitnehmerII.jpg\"><img loading=\"lazy\" decoding=\"async\" class=\"aligncenter size-full wp-image-10432\" src=\"http:\/\/www.bg45.de\/wp-content\/uploads\/2015\/04\/ArbeitnehmerII.jpg\" alt=\"ArbeitnehmerII\" width=\"295\" height=\"505\" srcset=\"http:\/\/www.bg45.de\/wp-content\/uploads\/2015\/04\/ArbeitnehmerII.jpg 295w, http:\/\/www.bg45.de\/wp-content\/uploads\/2015\/04\/ArbeitnehmerII-175x300.jpg 175w, http:\/\/www.bg45.de\/wp-content\/uploads\/2015\/04\/ArbeitnehmerII-88x150.jpg 88w\" sizes=\"auto, (max-width: 295px) 100vw, 295px\" \/><\/a><\/p>\n<h4>Arbeitnehmer &#8211; weitere wissenschaftliche Fakten<\/h4>\n<p>Hierzu hat das WSI der Hans-B\u00f6ckler-Stiftung eine Datenbank aufgebaut und einen <a title=\"Hans-B\u00f6ckler-Stiftung \/ Artikel\" href=\"http:\/\/www.boeckler.de\/51132_51137.htm\" target=\"_blank\" rel=\"noopener noreferrer\">Leitartikel<\/a> dazu verfasst, den wir unseren Lesern nicht vorenthalten wollen:<\/p>\n<blockquote><p>Arbeitsmarkt<br \/>\nAtypisch ist fast normal<\/p>\n<p>Minijobs und Co. bleiben weit verbreitet: Fast jeder zweite Job ist kein Normalarbeitsverh\u00e4ltnis.<\/p>\n<p>Das zeigen aktuelle Auswertungen des WSI, die \u00fcber die Datenbank \u201eAtypische Besch\u00e4ftigung\u201c online abrufbar sind. Deutschlandweit waren im Jahr 2013 demnach 43,3\u00a0Prozent aller Arbeitsverh\u00e4ltnisse Minijobs, Teilzeitstellen oder Leiharbeit. Eigentlich, so WSI-Experte Toralf Pusch, w\u00e4re angesichts der vergleichsweise guten Arbeitsmarktentwicklung in den letzten Jahren ein verringerter Druck zur Aufnahme solcher Besch\u00e4ftigungsformen zu erwarten gewesen.<\/p>\n<p>Stattdessen zeigen die Berechnungen des WSI, dass die Leiharbeit mit einem Anteil von 2\u00a0Prozent der sozialversicherungspflichtigen und geringf\u00fcgigen Besch\u00e4ftigung ann\u00e4hernd auf dem Stand des Vorkrisenjahrs 2007 verharrt. Der Anteil der Minijobs hat im Vergleich zu 2007 sogar leicht zugelegt: um 0,6 auf 21,1\u00a0Prozent aller Arbeitsverh\u00e4ltnisse. Dazu d\u00fcrften vor allem Neben-Minijobs beigetragen haben, deren Zahl seit 2007 um \u00fcber 650.000 zugenommen hat, erl\u00e4utert Pusch. Bei der Teilzeit zeigt die Statistik f\u00fcr die Jahre 2007 bis 2011 ebenfalls Zuw\u00e4chse. Nach Umstellung der Meldestatistik der Bundesagentur f\u00fcr Arbeit betrug die Teilzeitquote im vergangenen Jahr 20,2\u00a0Prozent. Wie auch Minijobs w\u00fcrden Teilzeitbesch\u00e4ftigungen vor allem von Frauen ausge\u00fcbt, konstatiert der Forscher.<\/p>\n<p>Die WSI-Datenbank liefert Informationen f\u00fcr jede Stadt und jeden Kreis. Bundesweit am st\u00e4rksten verbreitet ist atypische Besch\u00e4ftigung mit 58,8 und 57,2\u00a0Prozent in Delmenhorst und Landshut, also im Westen der Republik. Dort sei atypische Besch\u00e4ftigung bei Frauen vor allem im l\u00e4ndlichen Raum sehr weit verbreitet, so der Arbeitsmarktexperte. Insgesamt wiesen daher auch westdeutsche Fl\u00e4chenl\u00e4nder die h\u00f6chsten Quoten auf: Schleswig-Holstein liegt mit 47,3\u00a0Prozent vorn, gefolgt von Rheinland-Pfalz mit 46,5 und Niedersachsen mit 46\u00a0Prozent. Im Osten liegen die Werte deutlich darunter, was laut Pusch mit anderen Erwerbsmustern vor allem bei Frauen zusammenh\u00e4ngt. Am niedrigsten ist der Anteil atypischer Besch\u00e4ftigung in Th\u00fcringen, wo allerdings immer noch knapp zwei F\u00fcnftel der Arbeitsverh\u00e4ltnisse betroffen sind.<\/p><\/blockquote>\n<h4>Arbeitnehmer und die atypische Besch\u00e4ftigung in Essen<\/h4>\n<p>F\u00fcr Leser, die einen weiteren \u00dcberblick \u00fcber die Anzahl und &#8222;Verteilung&#8220; von Arbeitnehmern in atypischer Besch\u00e4ftigung in Essen erlangen m\u00f6chten, haben wir eine aufbereitete PDF des\u00a0<a href=\"http:\/\/www.bg45.de\/wp-content\/uploads\/2015\/04\/WSI.pdf\">WSI<\/a> hinterlegt. Sie enth\u00e4lt die harten Fakten zu der im wahrsten Sinne des Wortes katastrophalen Lage der Arbeitnehmer hier in Essen.<\/p>\n<blockquote><p><span style=\"color: #ff6600;\"><strong>So manches B\u00fcro \u00e4hnelt einem Milit\u00e4rflugplatz: Da finden sich Senkrechtstarter, geistige Tiefflieger, Abfangj\u00e4ger und Sturzkampfbomber. Ganz zu schweigen von den Bruchpiloten.<\/strong><\/span><\/p>\n<p>Unbekannten Ursprungs<\/p><\/blockquote>\n<\/div>\n","protected":false},"excerpt":{"rendered":"<p>Arbeitnehmer immer mehr von atypischer Besch\u00e4ftigung betroffen Seit Jahren steigt die Zahl der in sog. atypischen\u00a0Besch\u00e4ftigungsverh\u00e4ltnissen t\u00e4tigen Arbeitnehmer kontinuierlich. Was bisher von vielen lediglich so empfunden wurde, wurde jetzt aufgrund einer Anfrage der Bundestagsfraktion der Linken durch das Bundesarbeitsministerium offiziell einger\u00e4umt. Hintergrund ist eine aktuelle Studie des WSI (Wirtschafts- und&#8230; <a class=\"continue-reading-link\" href=\"http:\/\/www.bg45.de\/index.php\/10418\/arbeitnehmer-atypische-beschaeftigung-nimmt-zu\/\"> Weiterlesen <span class=\"meta-nav\">&rarr; <\/span><\/a><\/p>\n","protected":false},"author":11,"featured_media":0,"comment_status":"open","ping_status":"closed","sticky":false,"template":"","format":"standard","meta":{"footnotes":""},"categories":[8],"tags":[21,161,212,62,42,25,45,170,85,83],"class_list":["post-10418","post","type-post","status-publish","format-standard","hentry","category-aktuelles-artikel","tag-altersarmut","tag-armut","tag-ausbeutung","tag-bedarfsgemeinschaft","tag-bundesagentur-fur-arbeit","tag-jobcenter","tag-leiharbeit","tag-leistungsberechtigte","tag-sgb-ii","tag-soziales"],"_links":{"self":[{"href":"http:\/\/www.bg45.de\/index.php\/wp-json\/wp\/v2\/posts\/10418","targetHints":{"allow":["GET"]}}],"collection":[{"href":"http:\/\/www.bg45.de\/index.php\/wp-json\/wp\/v2\/posts"}],"about":[{"href":"http:\/\/www.bg45.de\/index.php\/wp-json\/wp\/v2\/types\/post"}],"author":[{"embeddable":true,"href":"http:\/\/www.bg45.de\/index.php\/wp-json\/wp\/v2\/users\/11"}],"replies":[{"embeddable":true,"href":"http:\/\/www.bg45.de\/index.php\/wp-json\/wp\/v2\/comments?post=10418"}],"version-history":[{"count":14,"href":"http:\/\/www.bg45.de\/index.php\/wp-json\/wp\/v2\/posts\/10418\/revisions"}],"predecessor-version":[{"id":11535,"href":"http:\/\/www.bg45.de\/index.php\/wp-json\/wp\/v2\/posts\/10418\/revisions\/11535"}],"wp:attachment":[{"href":"http:\/\/www.bg45.de\/index.php\/wp-json\/wp\/v2\/media?parent=10418"}],"wp:term":[{"taxonomy":"category","embeddable":true,"href":"http:\/\/www.bg45.de\/index.php\/wp-json\/wp\/v2\/categories?post=10418"},{"taxonomy":"post_tag","embeddable":true,"href":"http:\/\/www.bg45.de\/index.php\/wp-json\/wp\/v2\/tags?post=10418"}],"curies":[{"name":"wp","href":"https:\/\/api.w.org\/{rel}","templated":true}]}}